{"id":6527,"date":"2019-04-25T09:45:30","date_gmt":"2019-04-25T07:45:30","guid":{"rendered":"https:\/\/opengis.ch\/?p=6527"},"modified":"2019-04-25T16:36:34","modified_gmt":"2019-04-25T14:36:34","slug":"qgis-on-the-road-bellinzona","status":"publish","type":"post","link":"https:\/\/www.opengis.ch\/it\/2019\/04\/25\/qgis-on-the-road-bellinzona\/","title":{"rendered":"QGIS on the road Bellinzona"},"content":{"rendered":"\n<p><a href=\"https:\/\/ti.to\/opengisch\/qgis-on-the-road-bellinzona.ics\">Martedi 14 maggio 2019<\/a> a <a rel=\"noreferrer noopener\" href=\"https:\/\/maps.google.com\/maps?q=Bellinzona%2C+casa+del+popolo\" target=\"_blank\">Bellinzona, Ristorante casa del popolo<\/a><\/p>\n\n\n\n<p>Evento <strong>gratuito<\/strong> con posti limitati. Riservazione <a href=\"https:\/\/ti.to\/opengisch\/qgis-on-the-road-bellinzona\">https:\/\/ti.to\/opengisch\/qgis-on-the-road-bellinzona<\/a> (L&#8217;evento avr\u00e0 luogo anche a <a href=\"https:\/\/opengis.ch\/de\/2019\/04\/24\/qgis-on-the-road\/\">Zurigo<\/a> e <a href=\"https:\/\/opengis.ch\/fr\/2019\/04\/24\/qgis-on-the-road\/\">Losanna<\/a><\/p>\n\n\n\n<p>Raccontando la storia della signora Maya Mielina, analista GIS in pensione e apicoltrice per passione, gli esperti di&nbsp;<a href=\"https:\/\/opengis.ch\/\"><em>OPENGIS.ch<\/em><\/a>&nbsp;vi presenteranno funzionalit\u00e0 che forse nemmeno immaginavate esistessero in QGIS e che vi permetteranno di aumentare drasticamente la vostra efficacia.<\/p>\n\n\n\n<p>Il formato dell&#8217;evento non \u00e9 quello di un classico workshop ma piuttosto di una presentazione prolungata di funzionalit\u00e0 estremamente utili. Per mantenere la presentazione interessante non ci soffermeremo su dettagli o mostrare passo-passo come fare una certa azione, ma mostreremo video di ogni funzionalit\u00e0.<\/p>\n\n\n\n<p>Consigliamo di prendere appunti ed in seguito di riguardare i video che pubblicheremo.<\/p>\n\n\n\n<h1 class=\"wp-block-heading\">Programma &#8211; Inizio 14:10<\/h1>\n\n\n\n<ul class=\"wp-block-list\"><li>14:10 Parte 1<\/li><li>15:10 Pausa<\/li><li>15:40 Parte 2<\/li><li>16:30 Discussione informale al bar<\/li><\/ul>\n\n\n\n<h1 class=\"wp-block-heading\">Location<\/h1>\n\n\n\n<p>Ristorante casa del popolo, viale stazione 31, Bellinzona (2 minuti a piedi dalla stazione)<\/p>\n","protected":false},"excerpt":{"rendered":"<p>Raccontando la storia della signora Maya Mielina, analista GIS in pensione e apicoltrice per passione, gli esperti di OPENGIS.ch vi presenteranno funzionalit\u00e0 che forse nemmeno immaginavate esistessero in QGIS e che vi permetteranno di aumentare drasticamente la vostra efficacia.<\/p>\n","protected":false},"author":2,"featured_media":6490,"comment_status":"open","ping_status":"open","sticky":false,"template":"","format":"standard","meta":{"_themeisle_gutenberg_block_has_review":false,"jetpack_post_was_ever_published":false,"_jetpack_newsletter_access":"","_jetpack_dont_email_post_to_subs":false,"_jetpack_newsletter_tier_id":0,"_jetpack_memberships_contains_paywalled_content":false,"_jetpack_memberships_contains_paid_content":false,"footnotes":""},"categories":[],"tags":[249],"class_list":["post-6527","post","type-post","status-publish","format-standard","has-post-thumbnail","hentry","tag-qgis-org-it"],"jetpack_featured_media_url":"https:\/\/i0.wp.com\/www.opengis.ch\/wp-content\/uploads\/2019\/04\/beetruck_banner_1800x530%402x.jpg?fit=1800%2C530&ssl=1","jetpack-related-posts":[{"id":6242,"url":"https:\/\/www.opengis.ch\/it\/2019\/04\/12\/qfield-1-0-e-qui\/","url_meta":{"origin":6527,"position":0},"title":"QField 1.0 \u00e9 qui","author":"Marco Bernasocchi","date":"12 Aprile 2019","format":false,"excerpt":"Andiamo dritti al punto \u00c8 ufficiale, QField per QGIS 1.0 \u00e8 stato rilasciato! Scaricalo subito dal Playstore (qfield.org\/get) o da GitHub Siamo incredibilmente soddisfatti e orgogliosi di aver appena rilasciato un tale gioiello e siamo convinti che, grazie a tutte le sue caratteristiche e a scelte progettuali consapevoli, QField render\u00e0\u2026","rel":"","context":"In &quot;QField&quot;","block_context":{"text":"QField","link":"https:\/\/www.opengis.ch\/it\/category\/qfield-it\/"},"img":{"alt_text":"","src":"https:\/\/i0.wp.com\/www.opengis.ch\/wp-content\/uploads\/2019\/03\/QField_1.0.png?fit=1200%2C628&ssl=1&resize=350%2C200","width":350,"height":200,"srcset":"https:\/\/i0.wp.com\/www.opengis.ch\/wp-content\/uploads\/2019\/03\/QField_1.0.png?fit=1200%2C628&ssl=1&resize=350%2C200 1x, https:\/\/i0.wp.com\/www.opengis.ch\/wp-content\/uploads\/2019\/03\/QField_1.0.png?fit=1200%2C628&ssl=1&resize=525%2C300 1.5x, https:\/\/i0.wp.com\/www.opengis.ch\/wp-content\/uploads\/2019\/03\/QField_1.0.png?fit=1200%2C628&ssl=1&resize=700%2C400 2x, https:\/\/i0.wp.com\/www.opengis.ch\/wp-content\/uploads\/2019\/03\/QField_1.0.png?fit=1200%2C628&ssl=1&resize=1050%2C600 3x"},"classes":[]},{"id":17777,"url":"https:\/\/www.opengis.ch\/it\/2025\/08\/19\/pacchetti-di-avvio-a-qfieldqfield-jump-start\/","url_meta":{"origin":6527,"position":1},"title":"Pacchetti di avvio a QField","author":"Marco Bernasocchi","date":"19 Agosto 2025","format":false,"excerpt":"Che siate agli inizi con la raccolta di dati mobili senza aver mai utilizzato un GIS, gi\u00e0 utenti appassionati di QGIS desiderosi di portare il vostro lavoro sul campo al livello successivo, oppure responsabili GIS che vogliono migliorare l\u2019efficienza della raccolta dati del proprio team \u2013 abbiamo la soluzione giusta\u2026","rel":"","context":"In &quot;Corsi QField&quot;","block_context":{"text":"Corsi QField","link":"https:\/\/www.opengis.ch\/it\/category\/corsi\/corsi-qfield\/"},"img":{"alt_text":"","src":"https:\/\/i0.wp.com\/www.opengis.ch\/wp-content\/uploads\/2019\/04\/tim-gouw-73926-unsplash.jpg?fit=1200%2C802&ssl=1&resize=350%2C200","width":350,"height":200,"srcset":"https:\/\/i0.wp.com\/www.opengis.ch\/wp-content\/uploads\/2019\/04\/tim-gouw-73926-unsplash.jpg?fit=1200%2C802&ssl=1&resize=350%2C200 1x, https:\/\/i0.wp.com\/www.opengis.ch\/wp-content\/uploads\/2019\/04\/tim-gouw-73926-unsplash.jpg?fit=1200%2C802&ssl=1&resize=525%2C300 1.5x, https:\/\/i0.wp.com\/www.opengis.ch\/wp-content\/uploads\/2019\/04\/tim-gouw-73926-unsplash.jpg?fit=1200%2C802&ssl=1&resize=700%2C400 2x, https:\/\/i0.wp.com\/www.opengis.ch\/wp-content\/uploads\/2019\/04\/tim-gouw-73926-unsplash.jpg?fit=1200%2C802&ssl=1&resize=1050%2C600 3x"},"classes":[]},{"id":9701,"url":"https:\/\/www.opengis.ch\/it\/2019\/04\/18\/qgis-on-the-road-live\/","url_meta":{"origin":6527,"position":2},"title":"QGIS on the road live","author":"Marco Bernasocchi","date":"18 Aprile 2019","format":false,"excerpt":"We are extremely pleased to announce the QGIS on the road tour with three free events this spring all over Switzerland. Limited places available so act fast reserve your place for the location you want. Bern 24.09.19 13:40 (event held in German)Lucerne 22.10.19 13:40 (event held in German)Bellinzona 14.05.19 14:10\u2026","rel":"","context":"In &quot;Events&quot;","block_context":{"text":"Events","link":"https:\/\/www.opengis.ch\/it\/category\/events\/"},"img":{"alt_text":"","src":"https:\/\/i0.wp.com\/www.opengis.ch\/wp-content\/uploads\/2019\/04\/beetruck_banner_1800x530%402x.jpg?fit=1200%2C353&ssl=1&resize=350%2C200","width":350,"height":200,"srcset":"https:\/\/i0.wp.com\/www.opengis.ch\/wp-content\/uploads\/2019\/04\/beetruck_banner_1800x530%402x.jpg?fit=1200%2C353&ssl=1&resize=350%2C200 1x, https:\/\/i0.wp.com\/www.opengis.ch\/wp-content\/uploads\/2019\/04\/beetruck_banner_1800x530%402x.jpg?fit=1200%2C353&ssl=1&resize=525%2C300 1.5x, https:\/\/i0.wp.com\/www.opengis.ch\/wp-content\/uploads\/2019\/04\/beetruck_banner_1800x530%402x.jpg?fit=1200%2C353&ssl=1&resize=700%2C400 2x, https:\/\/i0.wp.com\/www.opengis.ch\/wp-content\/uploads\/2019\/04\/beetruck_banner_1800x530%402x.jpg?fit=1200%2C353&ssl=1&resize=1050%2C600 3x"},"classes":[]},{"id":6488,"url":"https:\/\/www.opengis.ch\/2019\/04\/18\/qgis-on-the-road\/","url_meta":{"origin":6527,"position":3},"title":"QGIS on the road","author":"Marco Bernasocchi","date":"18 Aprile 2019","format":false,"excerpt":"All videos can be viewed online. We are extremely pleased to announce the QGIS on the road tour with three free events this spring all over Switzerland. Limited places available so act fast reserve your place for the location you want. Bern 24.09.19 13:40 (event held in German)Lucerne 22.10.19 13:40\u2026","rel":"","context":"In &quot;Events&quot;","block_context":{"text":"Events","link":"https:\/\/www.opengis.ch\/it\/category\/events\/"},"img":{"alt_text":"","src":"https:\/\/i0.wp.com\/www.opengis.ch\/wp-content\/uploads\/2019\/04\/beetruck_banner_1800x530%402x.jpg?fit=1200%2C353&ssl=1&resize=350%2C200","width":350,"height":200,"srcset":"https:\/\/i0.wp.com\/www.opengis.ch\/wp-content\/uploads\/2019\/04\/beetruck_banner_1800x530%402x.jpg?fit=1200%2C353&ssl=1&resize=350%2C200 1x, https:\/\/i0.wp.com\/www.opengis.ch\/wp-content\/uploads\/2019\/04\/beetruck_banner_1800x530%402x.jpg?fit=1200%2C353&ssl=1&resize=525%2C300 1.5x, https:\/\/i0.wp.com\/www.opengis.ch\/wp-content\/uploads\/2019\/04\/beetruck_banner_1800x530%402x.jpg?fit=1200%2C353&ssl=1&resize=700%2C400 2x, https:\/\/i0.wp.com\/www.opengis.ch\/wp-content\/uploads\/2019\/04\/beetruck_banner_1800x530%402x.jpg?fit=1200%2C353&ssl=1&resize=1050%2C600 3x"},"classes":[]},{"id":6517,"url":"https:\/\/www.opengis.ch\/de\/2019\/04\/24\/qgis-on-the-road\/","url_meta":{"origin":6527,"position":4},"title":"QGIS on the road","author":"Matthias Kuhn","date":"24 Aprile 2019","format":false,"excerpt":"Wir freuen, dieses Jahr die QGIS on the road Tour mit f\u00fcnf Gratisanl\u00e4ssen in der ganzen Schweiz durchf\u00fchren zu k\u00f6nnen. Bern 24.09.19 13:40 (Deutsch)Luzern 22.10.19 13:40 (Deutsch)Bellinzona 14.05.19 14:10 (Italienisch)Z\u00fcrich 21.05.19 13:40 (Deutsch)Lausanne 28.05.19 13:40 (Franz\u00f6sisch) Durch die Geschichte von Maya Mielina, einer pensionierten GIS Spezialistin und passionierten Bienenz\u00fcchterin, pr\u00e4sentieren\u2026","rel":"","context":"In &quot;Events&quot;","block_context":{"text":"Events","link":"https:\/\/www.opengis.ch\/de\/category\/events-de\/"},"img":{"alt_text":"","src":"https:\/\/i0.wp.com\/www.opengis.ch\/wp-content\/uploads\/2019\/04\/beetruck_banner_1800x530%402x.jpg?fit=1200%2C353&ssl=1&resize=350%2C200","width":350,"height":200,"srcset":"https:\/\/i0.wp.com\/www.opengis.ch\/wp-content\/uploads\/2019\/04\/beetruck_banner_1800x530%402x.jpg?fit=1200%2C353&ssl=1&resize=350%2C200 1x, https:\/\/i0.wp.com\/www.opengis.ch\/wp-content\/uploads\/2019\/04\/beetruck_banner_1800x530%402x.jpg?fit=1200%2C353&ssl=1&resize=525%2C300 1.5x, https:\/\/i0.wp.com\/www.opengis.ch\/wp-content\/uploads\/2019\/04\/beetruck_banner_1800x530%402x.jpg?fit=1200%2C353&ssl=1&resize=700%2C400 2x, https:\/\/i0.wp.com\/www.opengis.ch\/wp-content\/uploads\/2019\/04\/beetruck_banner_1800x530%402x.jpg?fit=1200%2C353&ssl=1&resize=1050%2C600 3x"},"classes":[]},{"id":13149,"url":"https:\/\/www.opengis.ch\/it\/2022\/09\/09\/corso-qgis-di-base-bellinzona-19-10-26-10-2022\/","url_meta":{"origin":6527,"position":5},"title":"Corso QGIS di base Bellinzona, 19.10\/26.10.2022","author":"Anna Randegger","date":"9 Settembre 2022","format":false,"excerpt":"Iscrizione Il corso dura 2 giorni (9:00 - 17:00) e costa 990 CHF a persona (compreso il pranzo e il certificato).\u00a0Un insegnante per un massimo di 6 partecipanti e 2 insegnanti da 7 a 12 partecipanti. Descrizione Alla fine di questo corso, i partecipanti conosceranno le principali funzioni di QGIS\u2026","rel":"","context":"In &quot;QGIS&quot;","block_context":{"text":"QGIS","link":"https:\/\/www.opengis.ch\/it\/category\/gis\/qgis\/"},"img":{"alt_text":"","src":"https:\/\/i0.wp.com\/www.opengis.ch\/wp-content\/uploads\/2020\/04\/AdobeStock_305245557-scaled.jpeg?fit=1200%2C400&ssl=1&resize=350%2C200","width":350,"height":200,"srcset":"https:\/\/i0.wp.com\/www.opengis.ch\/wp-content\/uploads\/2020\/04\/AdobeStock_305245557-scaled.jpeg?fit=1200%2C400&ssl=1&resize=350%2C200 1x, https:\/\/i0.wp.com\/www.opengis.ch\/wp-content\/uploads\/2020\/04\/AdobeStock_305245557-scaled.jpeg?fit=1200%2C400&ssl=1&resize=525%2C300 1.5x, https:\/\/i0.wp.com\/www.opengis.ch\/wp-content\/uploads\/2020\/04\/AdobeStock_305245557-scaled.jpeg?fit=1200%2C400&ssl=1&resize=700%2C400 2x, https:\/\/i0.wp.com\/www.opengis.ch\/wp-content\/uploads\/2020\/04\/AdobeStock_305245557-scaled.jpeg?fit=1200%2C400&ssl=1&resize=1050%2C600 3x"},"classes":[]}],"jetpack_shortlink":"https:\/\/wp.me\/pbdBtI-1Hh","jetpack_sharing_enabled":true,"_links":{"self":[{"href":"https:\/\/www.opengis.ch\/it\/wp-json\/wp\/v2\/posts\/6527","targetHints":{"allow":["GET"]}}],"collection":[{"href":"https:\/\/www.opengis.ch\/it\/wp-json\/wp\/v2\/posts"}],"about":[{"href":"https:\/\/www.opengis.ch\/it\/wp-json\/wp\/v2\/types\/post"}],"author":[{"embeddable":true,"href":"https:\/\/www.opengis.ch\/it\/wp-json\/wp\/v2\/users\/2"}],"replies":[{"embeddable":true,"href":"https:\/\/www.opengis.ch\/it\/wp-json\/wp\/v2\/comments?post=6527"}],"version-history":[{"count":2,"href":"https:\/\/www.opengis.ch\/it\/wp-json\/wp\/v2\/posts\/6527\/revisions"}],"predecessor-version":[{"id":6531,"href":"https:\/\/www.opengis.ch\/it\/wp-json\/wp\/v2\/posts\/6527\/revisions\/6531"}],"wp:featuredmedia":[{"embeddable":true,"href":"https:\/\/www.opengis.ch\/it\/wp-json\/wp\/v2\/media\/6490"}],"wp:attachment":[{"href":"https:\/\/www.opengis.ch\/it\/wp-json\/wp\/v2\/media?parent=6527"}],"wp:term":[{"taxonomy":"category","embeddable":true,"href":"https:\/\/www.opengis.ch\/it\/wp-json\/wp\/v2\/categories?post=6527"},{"taxonomy":"post_tag","embeddable":true,"href":"https:\/\/www.opengis.ch\/it\/wp-json\/wp\/v2\/tags?post=6527"}],"curies":[{"name":"wp","href":"https:\/\/api.w.org\/{rel}","templated":true}]}}