{"id":9704,"date":"2020-02-27T14:22:30","date_gmt":"2020-02-27T13:22:30","guid":{"rendered":"https:\/\/www.opengis.ch\/?p=9652"},"modified":"2024-03-06T07:51:13","modified_gmt":"2024-03-06T06:51:13","slug":"first-qfield-user-day","status":"publish","type":"post","link":"https:\/\/www.opengis.ch\/fr\/2020\/02\/27\/first-qfield-user-day\/","title":{"rendered":"First QField user day"},"content":{"rendered":"\n<h2 class=\"wp-block-heading\">A huge success <\/h2>\n\n\n<p>At the end of 2019, we organised the first QField user day in Bern. Around 40 participants from Switzerland and neighbouring countries joined the packed event with use case <strong>presentations by various power users of QField<\/strong>.<\/p>\n\n\n<h2 class=\"wp-block-heading\">Fantastic use-case presentations<\/h2>\n\n\n<p>After a brief introduction by Matthias, Samuel Wechsler from the <strong>Swiss Ornithological Institute<\/strong> showed how they <em>make their teams fly with QField<\/em> to be more effective in protecting the Swiss bird fauna and its habitat. Next on the podium was one of the earliest QField pioneers, Daniel Gnerre from the <strong>city of Vevey<\/strong> telling the audience how the city thoroughly uses QField to collect and update data on just about anything and how they integrated QField in their geospatial infrastructure.<\/p>\n\n\n<p>After a short break, Philipp Eigenmann showed us how he uses QField to <strong>manage the forest<\/strong> he and his team are responsible for. Finally, Samuel Oester and Till Weber from <strong>Oester Messtechnik<\/strong> presented <em>Gasbusters &#8211; Chasing gas with QField<\/em> explaining how they used QField in over 200 soil <strong>gas leaks campaigns<\/strong> measuring over 39&rsquo;000 points to be then visualised on maps and with Grafana.<\/p>\n\n\n<ul class=\"wp-block-gallery columns-3 is-cropped wp-block-gallery-1 is-layout-flex wp-block-gallery-is-layout-flex\"><li class=\"blocks-gallery-item\"><figure><img data-recalc-dims=\"1\" loading=\"lazy\" decoding=\"async\" width=\"750\" height=\"801\" src=\"https:\/\/i0.wp.com\/www.opengis.ch\/wp-content\/uploads\/2020\/02\/PK87707.resized-e1582794942904-959x1024.jpg?resize=750%2C801&#038;ssl=1\" alt=\"Forest management in northern Switzerland with QField\" data-id=\"9611\" data-link=\"https:\/\/www.opengis.ch\/_pk87707-resized\/\" class=\"wp-image-9611\" srcset=\"https:\/\/i0.wp.com\/www.opengis.ch\/wp-content\/uploads\/2020\/02\/PK87707.resized-e1582794942904.jpg?resize=959%2C1024&amp;ssl=1 959w, https:\/\/i0.wp.com\/www.opengis.ch\/wp-content\/uploads\/2020\/02\/PK87707.resized-e1582794942904.jpg?resize=281%2C300&amp;ssl=1 281w, https:\/\/i0.wp.com\/www.opengis.ch\/wp-content\/uploads\/2020\/02\/PK87707.resized-e1582794942904.jpg?resize=768%2C820&amp;ssl=1 768w, https:\/\/i0.wp.com\/www.opengis.ch\/wp-content\/uploads\/2020\/02\/PK87707.resized-e1582794942904.jpg?resize=247%2C264&amp;ssl=1 247w, https:\/\/i0.wp.com\/www.opengis.ch\/wp-content\/uploads\/2020\/02\/PK87707.resized-e1582794942904.jpg?w=1500&amp;ssl=1 1500w, https:\/\/i0.wp.com\/www.opengis.ch\/wp-content\/uploads\/2020\/02\/PK87707.resized-e1582794942904.jpg?w=2250&amp;ssl=1 2250w\" sizes=\"auto, (max-width: 750px) 100vw, 750px\" \/><figcaption>Forest management in northern Switzerland with QField<\/figcaption><\/figure><\/li><li class=\"blocks-gallery-item\"><figure><img data-recalc-dims=\"1\" height=\"500\" width=\"750\" decoding=\"async\" src=\"https:\/\/i0.wp.com\/www.opengis.ch\/wp-content\/uploads\/2020\/02\/PK87677.resized-1.jpg?resize=750%2C500&#038;ssl=1\" alt=\"The city of Vevey is a precursor in pushing QField\" data-id=\"9607\" data-link=\"https:\/\/www.opengis.ch\/_pk87677-resized\/\" class=\"wp-image-9607\"\/><figcaption>The city of Vevey is a precursor in pushing QField<\/figcaption><\/figure><\/li><li class=\"blocks-gallery-item\"><figure><img data-recalc-dims=\"1\" height=\"500\" width=\"750\" decoding=\"async\" src=\"https:\/\/i0.wp.com\/www.opengis.ch\/wp-content\/uploads\/2020\/02\/PK87700.resized-1.jpg?resize=750%2C500&#038;ssl=1\" alt=\"Oester Messtechnik presenting their workflow\" data-id=\"9602\" data-link=\"https:\/\/www.opengis.ch\/_pk87700-resized\/\" class=\"wp-image-9602\"\/><figcaption>Oester Messtechnik presenting their workflow<\/figcaption><\/figure><\/li><li class=\"blocks-gallery-item\"><figure><img data-recalc-dims=\"1\" height=\"500\" width=\"750\" decoding=\"async\" src=\"https:\/\/i0.wp.com\/www.opengis.ch\/wp-content\/uploads\/2020\/02\/PK87661.resized-1.jpg?resize=750%2C500&#038;ssl=1\" alt=\"The Swiss Ornithological Institute is leveraging QField in multiple projects to protect habitats and fauna\" data-id=\"9594\" data-link=\"https:\/\/www.opengis.ch\/_pk87661-resized\/\" class=\"wp-image-9594\"\/><figcaption>The Swiss Ornithological Institute is leveraging QField in multiple projects to protect habitats and fauna<\/figcaption><\/figure><\/li><\/ul>\n\n\n<p>You can find all the <a href=\"https:\/\/cloud.opengis.ch\/index.php\/s\/Rp4EAwkx75TPR8Q\">slides and some videos of the presentations<\/a> online.<\/p>\n\n\n<h2 class=\"wp-block-heading\">Open discussion<\/h2>\n\n\n<p>A user day wouldn&rsquo;t be a user day if there was no space for discussion. After the fantastic presentations, we launched an <strong>open discussion on the future of QField<\/strong> and how to sustainably maintain its growth rate and quality thanks to [financially] committed users. The discussion showed us a lot of willingness and commitment to help QField keep its <strong>incredible innovation level and its market leader position as reference GIS fieldwork app<\/strong>. This obviously gave us a lot of ideas and motivation and made us enjoy the closing beers even more \ud83d\ude42<\/p>\n\n\n<p>We would like to extend again a warm <strong>thank you to all the speakers and participants<\/strong>. We&rsquo;re definitely looking forward to the next QField user day!<\/p>\n\n\n<h2 class=\"wp-block-heading\">What&rsquo;s next?<\/h2>\n\n\n<p>On <strong>11.03.2020<\/strong>, just before the QGIS hackfest in Den Bosch (NL), <a href=\"https:\/\/landgoed.it\/trainingen\/QField\"><strong>we&rsquo;ll lead a full-day workshop<\/strong><\/a><strong> in the awesome <\/strong><a href=\"https:\/\/www.geofort.nl\/en\/\"><strong>GeoFort<\/strong><\/a>. Don&rsquo;t worry, the workshop will be in English.<\/p>\n\n\n<p>QField is growing steadily, <strong>plenty of new features<\/strong> (including <a href=\"https:\/\/qfield.cloud\">native cloud synchronisation<\/a>) are planned with the next releases of QField.  We&rsquo;d like to thank again all organisations, companies and individuals that actively use QField and that invest in making QField even better. <\/p>\n\n\n<p>If you feel QField misses something you need or would like to support the project, don&rsquo;t hesitate <a href=\"https:\/\/www.opengis.ch\/contact\/\">to get in touch with us.<\/a><\/p>\n","protected":false},"excerpt":{"rendered":"<p>What a blast it was!<br \/>\nThe first QField user day in Bern with around 40 participants from Switzerland and neighbouring countries was packed with use case presentations and interesting discussions.<\/p>\n","protected":false},"author":2,"featured_media":9598,"comment_status":"open","ping_status":"open","sticky":false,"template":"","format":"standard","meta":{"_themeisle_gutenberg_block_has_review":false,"jetpack_post_was_ever_published":false,"_jetpack_newsletter_access":"","_jetpack_dont_email_post_to_subs":false,"_jetpack_newsletter_tier_id":0,"_jetpack_memberships_contains_paywalled_content":false,"_jetpack_memberships_contains_paid_content":false,"footnotes":""},"categories":[106],"tags":[125],"class_list":["post-9704","post","type-post","status-publish","format-standard","has-post-thumbnail","hentry","category-events","tag-qgis-org"],"jetpack_featured_media_url":"https:\/\/i0.wp.com\/www.opengis.ch\/wp-content\/uploads\/2020\/02\/PK87664.resized.jpg?fit=3680%2C2456&ssl=1","jetpack-related-posts":[{"id":15740,"url":"https:\/\/www.opengis.ch\/2025\/06\/20\/opengis-ch-at-the-qgis-ch-user-meeting-2025-in-bern\/","url_meta":{"origin":9704,"position":0},"title":"OPENGIS.ch at the QGIS.ch User Meeting 2025 in Bern","author":"Marco Bernasocchi","date":"20 juin 2025","format":false,"excerpt":"OPENGIS.ch played a key role at the 2025 QGIS.ch User Meeting in Bern, contributing talks, a multilingual QField workshop, and showcasing our tools across multiple presentations \u2014 including our partnership in the QGIS Security Project and advancements in TEKSI and ModelBaker.","rel":"","context":"Dans &quot;Events&quot;","block_context":{"text":"Events","link":"https:\/\/www.opengis.ch\/fr\/category\/events\/"},"img":{"alt_text":"","src":"https:\/\/i0.wp.com\/www.opengis.ch\/wp-content\/uploads\/2025\/06\/20250617_153244.jpg?fit=1200%2C675&ssl=1&resize=350%2C200","width":350,"height":200,"srcset":"https:\/\/i0.wp.com\/www.opengis.ch\/wp-content\/uploads\/2025\/06\/20250617_153244.jpg?fit=1200%2C675&ssl=1&resize=350%2C200 1x, https:\/\/i0.wp.com\/www.opengis.ch\/wp-content\/uploads\/2025\/06\/20250617_153244.jpg?fit=1200%2C675&ssl=1&resize=525%2C300 1.5x, https:\/\/i0.wp.com\/www.opengis.ch\/wp-content\/uploads\/2025\/06\/20250617_153244.jpg?fit=1200%2C675&ssl=1&resize=700%2C400 2x, https:\/\/i0.wp.com\/www.opengis.ch\/wp-content\/uploads\/2025\/06\/20250617_153244.jpg?fit=1200%2C675&ssl=1&resize=1050%2C600 3x"},"classes":[]},{"id":7606,"url":"https:\/\/www.opengis.ch\/2019\/09\/17\/qfield-day-2019\/","url_meta":{"origin":9704,"position":1},"title":"QField Day 2019","author":"Matthias Kuhn","date":"17 septembre 2019","format":false,"excerpt":"12 November 2019 13:40 in Bern, free event QField is a highly configurable mobile data collection app. It integrates perfectly with the leading open source solution QGIS. It's our pleasure to invite you to the first ever QField day in Bern. During this day, you will have the possibility to\u2026","rel":"","context":"Dans &quot;Uncategorised&quot;","block_context":{"text":"Uncategorised","link":"https:\/\/www.opengis.ch\/fr\/category\/uncategorised\/"},"img":{"alt_text":"","src":"https:\/\/i0.wp.com\/www.opengis.ch\/wp-content\/uploads\/2019\/09\/qfield_love_10_banner.jpg?fit=1140%2C440&ssl=1&resize=350%2C200","width":350,"height":200,"srcset":"https:\/\/i0.wp.com\/www.opengis.ch\/wp-content\/uploads\/2019\/09\/qfield_love_10_banner.jpg?fit=1140%2C440&ssl=1&resize=350%2C200 1x, https:\/\/i0.wp.com\/www.opengis.ch\/wp-content\/uploads\/2019\/09\/qfield_love_10_banner.jpg?fit=1140%2C440&ssl=1&resize=525%2C300 1.5x, https:\/\/i0.wp.com\/www.opengis.ch\/wp-content\/uploads\/2019\/09\/qfield_love_10_banner.jpg?fit=1140%2C440&ssl=1&resize=700%2C400 2x, https:\/\/i0.wp.com\/www.opengis.ch\/wp-content\/uploads\/2019\/09\/qfield_love_10_banner.jpg?fit=1140%2C440&ssl=1&resize=1050%2C600 3x"},"classes":[]},{"id":7612,"url":"https:\/\/www.opengis.ch\/de\/2019\/09\/17\/qfield-tag-2019\/","url_meta":{"origin":9704,"position":2},"title":"QField Tag 2019","author":"Matthias Kuhn","date":"17 septembre 2019","format":false,"excerpt":"12 . November 2019 13:40 in Bern, Teilnahme kostenlos, Anmeldung erforderlich QField ist eine hochkonfigurierbare App zur Datenerfassung im Feld. Sie ist perfekt integriert in das f\u00fchrende Open Source GIS QGIS. Es ist uns eine Freude, Sie zum ersten QField Tag in Bern einladen zu k\u00f6nnen. An diesem Tag werden\u2026","rel":"","context":"Dans &quot;Uncategorised&quot;","block_context":{"text":"Uncategorised","link":"https:\/\/www.opengis.ch\/de\/category\/uncategorised-de\/"},"img":{"alt_text":"","src":"https:\/\/i0.wp.com\/www.opengis.ch\/wp-content\/uploads\/2019\/09\/qfield_love_10_banner.jpg?fit=1140%2C440&ssl=1&resize=350%2C200","width":350,"height":200,"srcset":"https:\/\/i0.wp.com\/www.opengis.ch\/wp-content\/uploads\/2019\/09\/qfield_love_10_banner.jpg?fit=1140%2C440&ssl=1&resize=350%2C200 1x, https:\/\/i0.wp.com\/www.opengis.ch\/wp-content\/uploads\/2019\/09\/qfield_love_10_banner.jpg?fit=1140%2C440&ssl=1&resize=525%2C300 1.5x, https:\/\/i0.wp.com\/www.opengis.ch\/wp-content\/uploads\/2019\/09\/qfield_love_10_banner.jpg?fit=1140%2C440&ssl=1&resize=700%2C400 2x, https:\/\/i0.wp.com\/www.opengis.ch\/wp-content\/uploads\/2019\/09\/qfield_love_10_banner.jpg?fit=1140%2C440&ssl=1&resize=1050%2C600 3x"},"classes":[]},{"id":7609,"url":"https:\/\/www.opengis.ch\/fr\/2019\/10\/16\/journee-qfield-2019\/","url_meta":{"origin":9704,"position":3},"title":"Journ\u00e9e QField 2019","author":"Matthias Kuhn","date":"16 octobre 2019","format":false,"excerpt":"12 November 2019 13:40\u00a0in Bern, \u00c9v\u00e9nement gratuit, inscription n\u00e9cessaire QField est une application mobile et personnalisable de saisie de donn\u00e9es spatiales. Il s'int\u00e8gre parfaitement avec QGIS, la solution SIG open-source la plus r\u00e9pandue. Nous avons le plaisir de vous inviter \u00e0 Berne pour la toute premi\u00e8re journ\u00e9e d\u2019utilisateurs QField. Lors\u2026","rel":"","context":"Dans &quot;Uncategorised&quot;","block_context":{"text":"Uncategorised","link":"https:\/\/www.opengis.ch\/fr\/category\/uncategorised-fr\/"},"img":{"alt_text":"","src":"https:\/\/i0.wp.com\/www.opengis.ch\/wp-content\/uploads\/2019\/09\/qfield_love_10_banner.jpg?fit=1140%2C440&ssl=1&resize=350%2C200","width":350,"height":200,"srcset":"https:\/\/i0.wp.com\/www.opengis.ch\/wp-content\/uploads\/2019\/09\/qfield_love_10_banner.jpg?fit=1140%2C440&ssl=1&resize=350%2C200 1x, https:\/\/i0.wp.com\/www.opengis.ch\/wp-content\/uploads\/2019\/09\/qfield_love_10_banner.jpg?fit=1140%2C440&ssl=1&resize=525%2C300 1.5x, https:\/\/i0.wp.com\/www.opengis.ch\/wp-content\/uploads\/2019\/09\/qfield_love_10_banner.jpg?fit=1140%2C440&ssl=1&resize=700%2C400 2x, https:\/\/i0.wp.com\/www.opengis.ch\/wp-content\/uploads\/2019\/09\/qfield_love_10_banner.jpg?fit=1140%2C440&ssl=1&resize=1050%2C600 3x"},"classes":[]},{"id":15209,"url":"https:\/\/www.opengis.ch\/fr\/2025\/03\/25\/unpacking-key-insights-from-our-qfield-workshop\/","url_meta":{"origin":9704,"position":4},"title":"Unpacking key insights from our QField Workshop","author":"Anja Ottiger","date":"25 mars 2025","format":false,"excerpt":"This year, OPENGIS.ch celebrated its 10th anniversary in Bern, with an afternoon full of workshops attended by clients, long-term friends, and colleagues. Here, we will give a glimpse of QField: its vision, where it's headed, and the exciting features future users can look forward to. QField was created on June\u2026","rel":"","context":"Dans &quot;Newsletter 2025 March&quot;","block_context":{"text":"Newsletter 2025 March","link":"https:\/\/www.opengis.ch\/fr\/category\/newsletter\/newsletter-2025-march\/"},"img":{"alt_text":"","src":"https:\/\/i0.wp.com\/www.opengis.ch\/wp-content\/uploads\/2025\/03\/qfield-rapidmapper.webp?resize=350%2C200&ssl=1","width":350,"height":200,"srcset":"https:\/\/i0.wp.com\/www.opengis.ch\/wp-content\/uploads\/2025\/03\/qfield-rapidmapper.webp?resize=350%2C200&ssl=1 1x, https:\/\/i0.wp.com\/www.opengis.ch\/wp-content\/uploads\/2025\/03\/qfield-rapidmapper.webp?resize=525%2C300&ssl=1 1.5x, https:\/\/i0.wp.com\/www.opengis.ch\/wp-content\/uploads\/2025\/03\/qfield-rapidmapper.webp?resize=700%2C400&ssl=1 2x, https:\/\/i0.wp.com\/www.opengis.ch\/wp-content\/uploads\/2025\/03\/qfield-rapidmapper.webp?resize=1050%2C600&ssl=1 3x"},"classes":[]},{"id":13286,"url":"https:\/\/www.opengis.ch\/fr\/2022\/11\/03\/best-of-swiss-enterprise-app-award-for-qfield\/","url_meta":{"origin":9704,"position":5},"title":"Best of Swiss Enterprise App Award for QField","author":"Marco Bernasocchi","date":"3 novembre 2022","format":false,"excerpt":"The \"Best of Swiss Apps Awards\" took place in Zurich yesterday, 2 November 2022. We were also nominated with QField and in the enterprise category, the app was so convincing that it was awarded the highest possible prize.","rel":"","context":"Dans &quot;QField&quot;","block_context":{"text":"QField","link":"https:\/\/www.opengis.ch\/fr\/category\/gis\/qfield\/"},"img":{"alt_text":"","src":"https:\/\/i0.wp.com\/www.opengis.ch\/wp-content\/uploads\/2022\/11\/QField-Werbevideo-bei-der-Awardvergabe_c_opengis.ch_.jpg?fit=1200%2C540&ssl=1&resize=350%2C200","width":350,"height":200,"srcset":"https:\/\/i0.wp.com\/www.opengis.ch\/wp-content\/uploads\/2022\/11\/QField-Werbevideo-bei-der-Awardvergabe_c_opengis.ch_.jpg?fit=1200%2C540&ssl=1&resize=350%2C200 1x, https:\/\/i0.wp.com\/www.opengis.ch\/wp-content\/uploads\/2022\/11\/QField-Werbevideo-bei-der-Awardvergabe_c_opengis.ch_.jpg?fit=1200%2C540&ssl=1&resize=525%2C300 1.5x, https:\/\/i0.wp.com\/www.opengis.ch\/wp-content\/uploads\/2022\/11\/QField-Werbevideo-bei-der-Awardvergabe_c_opengis.ch_.jpg?fit=1200%2C540&ssl=1&resize=700%2C400 2x, https:\/\/i0.wp.com\/www.opengis.ch\/wp-content\/uploads\/2022\/11\/QField-Werbevideo-bei-der-Awardvergabe_c_opengis.ch_.jpg?fit=1200%2C540&ssl=1&resize=1050%2C600 3x"},"classes":[]}],"jetpack_shortlink":"https:\/\/wp.me\/pbdBtI-2ww","jetpack_sharing_enabled":true,"_links":{"self":[{"href":"https:\/\/www.opengis.ch\/fr\/wp-json\/wp\/v2\/posts\/9704","targetHints":{"allow":["GET"]}}],"collection":[{"href":"https:\/\/www.opengis.ch\/fr\/wp-json\/wp\/v2\/posts"}],"about":[{"href":"https:\/\/www.opengis.ch\/fr\/wp-json\/wp\/v2\/types\/post"}],"author":[{"embeddable":true,"href":"https:\/\/www.opengis.ch\/fr\/wp-json\/wp\/v2\/users\/2"}],"replies":[{"embeddable":true,"href":"https:\/\/www.opengis.ch\/fr\/wp-json\/wp\/v2\/comments?post=9704"}],"version-history":[{"count":2,"href":"https:\/\/www.opengis.ch\/fr\/wp-json\/wp\/v2\/posts\/9704\/revisions"}],"predecessor-version":[{"id":14167,"href":"https:\/\/www.opengis.ch\/fr\/wp-json\/wp\/v2\/posts\/9704\/revisions\/14167"}],"wp:featuredmedia":[{"embeddable":true,"href":"https:\/\/www.opengis.ch\/fr\/wp-json\/wp\/v2\/media\/9598"}],"wp:attachment":[{"href":"https:\/\/www.opengis.ch\/fr\/wp-json\/wp\/v2\/media?parent=9704"}],"wp:term":[{"taxonomy":"category","embeddable":true,"href":"https:\/\/www.opengis.ch\/fr\/wp-json\/wp\/v2\/categories?post=9704"},{"taxonomy":"post_tag","embeddable":true,"href":"https:\/\/www.opengis.ch\/fr\/wp-json\/wp\/v2\/tags?post=9704"}],"curies":[{"name":"wp","href":"https:\/\/api.w.org\/{rel}","templated":true}]}}