{"id":6523,"date":"2019-04-25T09:38:00","date_gmt":"2019-04-25T07:38:00","guid":{"rendered":"https:\/\/opengis.ch\/?p=6523"},"modified":"2019-05-16T16:31:45","modified_gmt":"2019-05-16T14:31:45","slug":"qgis-on-the-road-lausanne","status":"publish","type":"post","link":"https:\/\/www.opengis.ch\/fr\/2019\/04\/25\/qgis-on-the-road-lausanne\/","title":{"rendered":"QGIS on the road Lausanne"},"content":{"rendered":"\n<p><a href=\"https:\/\/ti.to\/opengisch\/qgis-on-the-road-lausanne.ics\">Mardi 28 mai 2019 13:40<\/a> <a rel=\"noreferrer noopener\" href=\"https:\/\/maps.google.com\/maps?q=Lausanne\" target=\"_blank\">Lausanne<\/a><\/p>\n\n\n\n<p>\u00c9v\u00e9nement <strong>gratuit<\/strong> avec places limit\u00e9es (Reservation: <a href=\"https:\/\/ti.to\/opengisch\/qgis-on-the-road-lausanne\">https:\/\/ti.to\/opengisch\/qgis-on-the-road-lausanne)<\/a> Aussi \u00e0 <a href=\"https:\/\/opengis.ch\/de\/2019\/04\/24\/qgis-on-the-road\/\">Zurich<\/a> et <a href=\"https:\/\/opengis.ch\/it\/2019\/04\/24\/qgis-on-the-road\/\">Bellinzona<\/a><\/p>\n\n\n\n<p>Au travers de l&rsquo;histoire de Mme Maya Mielina, experte SIG \u00e0 la retraite et apicultrice passionn\u00e9e, les experts d\u2019&nbsp;<a href=\"https:\/\/opengis.ch\/\"><em>OPENGIS.ch<\/em><\/a>&nbsp;vous pr\u00e9senteront des fonctionnalit\u00e9s dont vous ne soup\u00e7onnez pas l&rsquo;existence dans QGIS et qui vous permettront d&rsquo;augmenter consid\u00e9rablement votre efficacit\u00e9.<\/p>\n\n\n\n<p>Cet \u00e9v\u00e8nement n\u2019est pas un atelier classique mais se veut plut\u00f4t une d\u00e9monstration de fonctionnalit\u00e9s extr\u00eamement utiles. Pour que la pr\u00e9sentation reste int\u00e9ressante et dynamique, nous ne nous arr\u00eaterons pas sur les d\u00e9tails, mais nous vous montrerons des s\u00e9quences vid\u00e9os. Nous vous conseillons de prendre des notes puis de visionner \u00e0 nouveau les vid\u00e9os que nous publierons.<\/p>\n\n\n\n<h1 class=\"wp-block-heading\">Programme &#8211; d\u00e9but 13:40<\/h1>\n\n\n\n<ul class=\"wp-block-list\"><li>13:40 Partie 1<\/li><li>14:40 Pause<\/li><li>15:10 Partie 2<\/li><li>16:00 Networking<\/li><\/ul>\n\n\n\n<h1 class=\"wp-block-heading\">Lieu<\/h1>\n\n\n\n<p>Impact Hub &#8211; Salle Le Bureau<\/p>\n\n\n\n<p>Rue du Jura 11, 1004 Lausanne<\/p>\n","protected":false},"excerpt":{"rendered":"<p>Au travers de l&rsquo;histoire de Mme Maya Mielina, experte SIG \u00e0 la retraite et apicultrice passionn\u00e9e, les experts d\u2019 OPENGIS.ch vous pr\u00e9senteront des fonctionnalit\u00e9s dont vous ne soup\u00e7onnez pas l&rsquo;existence dans QGIS et qui vous permettront d&rsquo;augmenter consid\u00e9rablement votre efficacit\u00e9.<\/p>\n","protected":false},"author":2,"featured_media":6490,"comment_status":"open","ping_status":"open","sticky":false,"template":"","format":"standard","meta":{"_themeisle_gutenberg_block_has_review":false,"jetpack_post_was_ever_published":false,"_jetpack_newsletter_access":"","_jetpack_dont_email_post_to_subs":false,"_jetpack_newsletter_tier_id":0,"_jetpack_memberships_contains_paywalled_content":false,"_jetpack_memberships_contains_paid_content":false,"footnotes":""},"categories":[185],"tags":[169],"class_list":["post-6523","post","type-post","status-publish","format-standard","has-post-thumbnail","hentry","category-events-fr","tag-qgis-org-fr"],"jetpack_featured_media_url":"https:\/\/i0.wp.com\/www.opengis.ch\/wp-content\/uploads\/2019\/04\/beetruck_banner_1800x530%402x.jpg?fit=1800%2C530&ssl=1","jetpack-related-posts":[{"id":17776,"url":"https:\/\/www.opengis.ch\/fr\/2025\/08\/19\/qfield-jump-start\/","url_meta":{"origin":6523,"position":0},"title":"formation rapide \u00e0 QField","author":"Marco Bernasocchi","date":"19 ao\u00fbt 2025","format":false,"excerpt":"Que vous d\u00e9butiez dans la collecte de donn\u00e9es mobiles sans avoir jamais utilis\u00e9 de SIG, que vous soyez d\u00e9j\u00e0 un utilisateur passionn\u00e9 de QGIS souhaitant donner un nouvel \u00e9lan \u00e0 votre travail de terrain, ou que vous soyez gestionnaire SIG cherchant \u00e0 am\u00e9liorer l\u2019efficacit\u00e9 de la collecte de donn\u00e9es de\u2026","rel":"","context":"Dans &quot;Cours QField&quot;","block_context":{"text":"Cours QField","link":"https:\/\/www.opengis.ch\/fr\/category\/cours\/cours-qfield\/"},"img":{"alt_text":"","src":"https:\/\/i0.wp.com\/www.opengis.ch\/wp-content\/uploads\/2019\/04\/tim-gouw-73926-unsplash.jpg?fit=1200%2C802&ssl=1&resize=350%2C200","width":350,"height":200,"srcset":"https:\/\/i0.wp.com\/www.opengis.ch\/wp-content\/uploads\/2019\/04\/tim-gouw-73926-unsplash.jpg?fit=1200%2C802&ssl=1&resize=350%2C200 1x, https:\/\/i0.wp.com\/www.opengis.ch\/wp-content\/uploads\/2019\/04\/tim-gouw-73926-unsplash.jpg?fit=1200%2C802&ssl=1&resize=525%2C300 1.5x, https:\/\/i0.wp.com\/www.opengis.ch\/wp-content\/uploads\/2019\/04\/tim-gouw-73926-unsplash.jpg?fit=1200%2C802&ssl=1&resize=700%2C400 2x, https:\/\/i0.wp.com\/www.opengis.ch\/wp-content\/uploads\/2019\/04\/tim-gouw-73926-unsplash.jpg?fit=1200%2C802&ssl=1&resize=1050%2C600 3x"},"classes":[]},{"id":13792,"url":"https:\/\/www.opengis.ch\/fr\/2023\/06\/20\/prise-en-charge-de-wmts-dans-le-plugin-de-localisation-suisse-de-qgis\/","url_meta":{"origin":6523,"position":1},"title":"Prise en charge de WMTS dans le plugin de localisation suisse de QGIS","author":"Matthias Kuhn","date":"20 juin 2023","format":false,"excerpt":"Le plugin QGIS Swiss Locator facilite la vie de nombreux utilisateurs en Suisse en rendant accessibles les nombreuses g\u00e9odonn\u00e9es de swisstopo et opendata.swiss. Cela inclut un large \u00e9ventail de couches de donn\u00e9es, mais \u00e9galement des informations sur les objets et une recherche de noms de lieux. Gr\u00e2ce \u00e0 un projet\u2026","rel":"","context":"Dans &quot;QGIS&quot;","block_context":{"text":"QGIS","link":"https:\/\/www.opengis.ch\/fr\/category\/gis-fr\/qgis-fr\/"},"img":{"alt_text":"","src":"https:\/\/i0.wp.com\/www.opengis.ch\/wp-content\/uploads\/2023\/06\/unnamed.png?fit=512%2C341&ssl=1&resize=350%2C200","width":350,"height":200},"classes":[]},{"id":14010,"url":"https:\/\/www.opengis.ch\/fr\/2023\/10\/31\/erweiterte-interlis-modelle-in-qgis\/","url_meta":{"origin":6523,"position":2},"title":"Les mod\u00e8les INTERLIS \u00e9tendus dans QGIS","author":"Dave Signer","date":"31 octobre 2023","format":false,"excerpt":"Le lancement de QGIS Model Baker Release 7.6 est arriv\u00e9 et apporte plusieurs fonctionnalit\u00e9s utiles qui rendront votre travail avec les mod\u00e8les de donn\u00e9es INTERLIS dans QGIS encore plus efficace. L'une de ces fonctionnalit\u00e9s concerne la gestion des mod\u00e8les INTERLIS avanc\u00e9s, qui pouvait \u00eatre assez fastidieuse jusqu'\u00e0 pr\u00e9sent. Mais ce\u2026","rel":"","context":"Dans &quot;GIS&quot;","block_context":{"text":"GIS","link":"https:\/\/www.opengis.ch\/fr\/category\/gis-fr\/"},"img":{"alt_text":"","src":"https:\/\/i0.wp.com\/www.opengis.ch\/wp-content\/uploads\/2023\/10\/278836121-f1c45599-4eea-4d1f-8248-1d830f305202.png?fit=1099%2C299&ssl=1&resize=350%2C200","width":350,"height":200,"srcset":"https:\/\/i0.wp.com\/www.opengis.ch\/wp-content\/uploads\/2023\/10\/278836121-f1c45599-4eea-4d1f-8248-1d830f305202.png?fit=1099%2C299&ssl=1&resize=350%2C200 1x, https:\/\/i0.wp.com\/www.opengis.ch\/wp-content\/uploads\/2023\/10\/278836121-f1c45599-4eea-4d1f-8248-1d830f305202.png?fit=1099%2C299&ssl=1&resize=525%2C300 1.5x, https:\/\/i0.wp.com\/www.opengis.ch\/wp-content\/uploads\/2023\/10\/278836121-f1c45599-4eea-4d1f-8248-1d830f305202.png?fit=1099%2C299&ssl=1&resize=700%2C400 2x, https:\/\/i0.wp.com\/www.opengis.ch\/wp-content\/uploads\/2023\/10\/278836121-f1c45599-4eea-4d1f-8248-1d830f305202.png?fit=1099%2C299&ssl=1&resize=1050%2C600 3x"},"classes":[]},{"id":15009,"url":"https:\/\/www.opengis.ch\/fr\/2023\/03\/06\/qfield-workshop\/","url_meta":{"origin":6523,"position":3},"title":"QField Workshop","author":"Marco Bernasocchi","date":"6 mars 2023","format":false,"excerpt":"Comment devenir un super-utilisateur avec QField Vous serez non seulement capable d'utiliser parfaitement l'application, mais vous saurez aussi comment configurer un projet pour explorer toutes les possibilit\u00e9s offertes par QField. Pr\u00e9parez les conditions optimales pour votre travail sur le terrain et partagez le projet \u00e0 votre \u00e9quipe avec QFieldCloud. Le\u2026","rel":"","context":"Dans &quot;Cours QField&quot;","block_context":{"text":"Cours QField","link":"https:\/\/www.opengis.ch\/fr\/category\/cours\/cours-qfield\/"},"img":{"alt_text":"","src":"https:\/\/i0.wp.com\/www.opengis.ch\/wp-content\/uploads\/2024\/07\/qfield-rapidmapper.jpg?fit=1200%2C819&ssl=1&resize=350%2C200","width":350,"height":200,"srcset":"https:\/\/i0.wp.com\/www.opengis.ch\/wp-content\/uploads\/2024\/07\/qfield-rapidmapper.jpg?fit=1200%2C819&ssl=1&resize=350%2C200 1x, https:\/\/i0.wp.com\/www.opengis.ch\/wp-content\/uploads\/2024\/07\/qfield-rapidmapper.jpg?fit=1200%2C819&ssl=1&resize=525%2C300 1.5x, https:\/\/i0.wp.com\/www.opengis.ch\/wp-content\/uploads\/2024\/07\/qfield-rapidmapper.jpg?fit=1200%2C819&ssl=1&resize=700%2C400 2x, https:\/\/i0.wp.com\/www.opengis.ch\/wp-content\/uploads\/2024\/07\/qfield-rapidmapper.jpg?fit=1200%2C819&ssl=1&resize=1050%2C600 3x"},"classes":[]},{"id":6517,"url":"https:\/\/www.opengis.ch\/de\/2019\/04\/24\/qgis-on-the-road\/","url_meta":{"origin":6523,"position":4},"title":"QGIS on the road","author":"Matthias Kuhn","date":"24 avril 2019","format":false,"excerpt":"Wir freuen, dieses Jahr die QGIS on the road Tour mit f\u00fcnf Gratisanl\u00e4ssen in der ganzen Schweiz durchf\u00fchren zu k\u00f6nnen. Bern 24.09.19 13:40 (Deutsch)Luzern 22.10.19 13:40 (Deutsch)Bellinzona 14.05.19 14:10 (Italienisch)Z\u00fcrich 21.05.19 13:40 (Deutsch)Lausanne 28.05.19 13:40 (Franz\u00f6sisch) Durch die Geschichte von Maya Mielina, einer pensionierten GIS Spezialistin und passionierten Bienenz\u00fcchterin, pr\u00e4sentieren\u2026","rel":"","context":"Dans &quot;Events&quot;","block_context":{"text":"Events","link":"https:\/\/www.opengis.ch\/de\/category\/events-de\/"},"img":{"alt_text":"","src":"https:\/\/i0.wp.com\/www.opengis.ch\/wp-content\/uploads\/2019\/04\/beetruck_banner_1800x530%402x.jpg?fit=1200%2C353&ssl=1&resize=350%2C200","width":350,"height":200,"srcset":"https:\/\/i0.wp.com\/www.opengis.ch\/wp-content\/uploads\/2019\/04\/beetruck_banner_1800x530%402x.jpg?fit=1200%2C353&ssl=1&resize=350%2C200 1x, https:\/\/i0.wp.com\/www.opengis.ch\/wp-content\/uploads\/2019\/04\/beetruck_banner_1800x530%402x.jpg?fit=1200%2C353&ssl=1&resize=525%2C300 1.5x, https:\/\/i0.wp.com\/www.opengis.ch\/wp-content\/uploads\/2019\/04\/beetruck_banner_1800x530%402x.jpg?fit=1200%2C353&ssl=1&resize=700%2C400 2x, https:\/\/i0.wp.com\/www.opengis.ch\/wp-content\/uploads\/2019\/04\/beetruck_banner_1800x530%402x.jpg?fit=1200%2C353&ssl=1&resize=1050%2C600 3x"},"classes":[]},{"id":15126,"url":"https:\/\/www.opengis.ch\/fr\/2024\/12\/03\/des-lieux-pollues-en-geopackage\/","url_meta":{"origin":6523,"position":5},"title":"Des lieux pollu\u00e9s en GeoPackage","author":"Dave Signer","date":"3 d\u00e9cembre 2024","format":false,"excerpt":"Impl\u00e9menter et modifier le mod\u00e8le f\u00e9d\u00e9ral INTERLIS du cadastre des sites pollu\u00e9s KbS_V1_5 sans probl\u00e8me dans un GeoPackage ? Un r\u00eave lointain pendant longtemps, mais d\u00e9sormais r\u00e9alit\u00e9. Avec Model Baker 7.10 et ili2db 5.2, vous pouvez maintenant travailler confortablement avec vos ensembles de donn\u00e9es INTERLIS contenant plusieurs colonnes de g\u00e9om\u00e9trie\u2026","rel":"","context":"Dans &quot;Interlis&quot;","block_context":{"text":"Interlis","link":"https:\/\/www.opengis.ch\/fr\/category\/gis-fr\/interlis-fr\/"},"img":{"alt_text":"","src":"https:\/\/i0.wp.com\/www.opengis.ch\/wp-content\/uploads\/2024\/11\/belastetegpkg-3.png?fit=967%2C621&ssl=1&resize=350%2C200","width":350,"height":200,"srcset":"https:\/\/i0.wp.com\/www.opengis.ch\/wp-content\/uploads\/2024\/11\/belastetegpkg-3.png?fit=967%2C621&ssl=1&resize=350%2C200 1x, https:\/\/i0.wp.com\/www.opengis.ch\/wp-content\/uploads\/2024\/11\/belastetegpkg-3.png?fit=967%2C621&ssl=1&resize=525%2C300 1.5x, https:\/\/i0.wp.com\/www.opengis.ch\/wp-content\/uploads\/2024\/11\/belastetegpkg-3.png?fit=967%2C621&ssl=1&resize=700%2C400 2x"},"classes":[]}],"jetpack_shortlink":"https:\/\/wp.me\/pbdBtI-1Hd","jetpack_sharing_enabled":true,"_links":{"self":[{"href":"https:\/\/www.opengis.ch\/fr\/wp-json\/wp\/v2\/posts\/6523","targetHints":{"allow":["GET"]}}],"collection":[{"href":"https:\/\/www.opengis.ch\/fr\/wp-json\/wp\/v2\/posts"}],"about":[{"href":"https:\/\/www.opengis.ch\/fr\/wp-json\/wp\/v2\/types\/post"}],"author":[{"embeddable":true,"href":"https:\/\/www.opengis.ch\/fr\/wp-json\/wp\/v2\/users\/2"}],"replies":[{"embeddable":true,"href":"https:\/\/www.opengis.ch\/fr\/wp-json\/wp\/v2\/comments?post=6523"}],"version-history":[{"count":5,"href":"https:\/\/www.opengis.ch\/fr\/wp-json\/wp\/v2\/posts\/6523\/revisions"}],"predecessor-version":[{"id":6768,"href":"https:\/\/www.opengis.ch\/fr\/wp-json\/wp\/v2\/posts\/6523\/revisions\/6768"}],"wp:featuredmedia":[{"embeddable":true,"href":"https:\/\/www.opengis.ch\/fr\/wp-json\/wp\/v2\/media\/6490"}],"wp:attachment":[{"href":"https:\/\/www.opengis.ch\/fr\/wp-json\/wp\/v2\/media?parent=6523"}],"wp:term":[{"taxonomy":"category","embeddable":true,"href":"https:\/\/www.opengis.ch\/fr\/wp-json\/wp\/v2\/categories?post=6523"},{"taxonomy":"post_tag","embeddable":true,"href":"https:\/\/www.opengis.ch\/fr\/wp-json\/wp\/v2\/tags?post=6523"}],"curies":[{"name":"wp","href":"https:\/\/api.w.org\/{rel}","templated":true}]}}