{"id":15708,"date":"2023-03-06T15:44:00","date_gmt":"2023-03-06T14:44:00","guid":{"rendered":"https:\/\/www.opengis.ch\/?p=15708"},"modified":"2025-06-19T11:18:16","modified_gmt":"2025-06-19T09:18:16","slug":"le-modeleur-qgis","status":"publish","type":"post","link":"https:\/\/www.opengis.ch\/fr\/2023\/03\/06\/le-modeleur-qgis\/","title":{"rendered":"Le modeleur QGIS"},"content":{"rendered":"\n<p>Avec la mod\u00e9lisation graphique dans QGIS, il est possible de combiner plusieurs outils QGIS dans une cha\u00eene logique. Gr\u00e2ce \u00e0 la conception visuelle, les utilisatrices et utilisateurs peuvent automatiser des processus dans QGIS sans connaissances en programmation. Les workflows r\u00e9currents peuvent ainsi \u00eatre ex\u00e9cut\u00e9s et reproduits efficacement.<\/p>\n\n\n\n<p>Dans ce cours, vous apprendrez les bases et la structure des mod\u00e8les graphiques. Nous pratiquerons la cr\u00e9ation d\u2019un tel mod\u00e8le, y compris les entr\u00e9es personnalis\u00e9es, les options et les conditions.<\/p>\n\n\n\n<p>Vous apprendrez comment tester et ex\u00e9cuter la cha\u00eene de traitement mod\u00e9lis\u00e9e, l\u2019enregistrer et la rendre disponible \u00e0 d\u2019autres utilisateurs dans le projet.<\/p>\n\n\n\n<p>Vous recevrez \u00e9galement des conseils et astuces avanc\u00e9s en lien avec la mod\u00e9lisation graphique.<\/p>\n\n\n\n<p>Nous int\u00e9grerons aussi des expressions QGIS dans le mod\u00e8le graphique, par exemple pour le filtrage des donn\u00e9es, la manipulation d\u2019attributs ou la d\u00e9finition de valeurs et de chemins dynamiques.<\/p>\n\n\n\n<p>Le cours dure 1 jour (9:00 &#8211; 17:00) et co\u00fbte 660 CHF par personne, y compris repas de midi.&nbsp;<\/p>\n\n\n\n<p>Les participants doivent apporter leur ordinateur.<\/p>\n\n\n\n<p>Un-e enseignant-e pour 8 personnes maximum et deux enseignant-e-s pour un maximum de 14 personnes.&nbsp; Le cours aura lieu \u00e0 partir de 5 inscriptions.<\/p>\n\n\n\n<div class=\"wp-block-buttons is-content-justification-center is-layout-flex wp-container-core-buttons-is-layout-a89b3969 wp-block-buttons-is-layout-flex\">\n<div class=\"wp-block-button\"><a class=\"wp-block-button__link has-accent-background-color has-background wp-element-button\" href=\"https:\/\/www.opengis.ch\/fr\/calendrier-des-cours\/\" target=\"_blank\" rel=\"noreferrer noopener\">Inscription<\/a><\/div>\n<\/div>\n\n\n\n<h3 class=\"wp-block-heading\">Contenu<\/h3>\n\n\n\n<ul class=\"wp-block-list\">\n<li>Bases de la mod\u00e9lisation graphique<\/li>\n\n\n\n<li>Conseils et astuces<\/li>\n\n\n\n<li>Construction d\u2019un mod\u00e8le graphique complexe<\/li>\n\n\n\n<li>Utilisation d\u2019expressions dans le mod\u00e8le graphique<\/li>\n<\/ul>\n\n\n\n<h3 class=\"wp-block-heading\">Pr\u00e9requis<\/h3>\n\n\n\n<p>Connaissances de base en QGIS, correspondant au cours QGIS de base.&nbsp;<\/p>\n\n\n\n<p>Le cours convient aussi \u00e0 ceux qui souhaitent s\u2019approfondir apr\u00e8s le cours QGIS avanc\u00e9.<\/p>\n\n\n\n<p>Aucune connaissance en programmation n\u2019est n\u00e9cessaire.&nbsp;&nbsp;<\/p>\n\n\n\n<h3 class=\"wp-block-heading\">Logiciel<\/h3>\n\n\n\n<p>Installation de QGIS pour Windows, macOS ou Linux <a href=\"https:\/\/download.qgis.org\">https:\/\/download.qgis.org<\/a>. Nous utilisons la derni\u00e8re version LTR disponible.Il n\u2019est pas n\u00e9cessaire d\u2019installer des plugins \u00e0 l\u2019avance.<\/p>\n\n\n\n<h3 class=\"wp-block-heading\">Informations suppl\u00e9mentaires<\/h3>\n\n\n\n<p>Environ deux semaines avant le d\u00e9but du cours, tous les participants recevront un e-mail avec de plus amples informations.<\/p>\n","protected":false},"excerpt":{"rendered":"<p>Avec la mod\u00e9lisation graphique dans QGIS, il est possible de combiner plusieurs outils QGIS dans une cha\u00eene logique. Gr\u00e2ce \u00e0 la conception visuelle, les utilisatrices et utilisateurs peuvent automatiser des processus dans QGIS sans connaissances en programmation. Les workflows r\u00e9currents peuvent ainsi \u00eatre ex\u00e9cut\u00e9s et reproduits efficacement. Dans ce cours, [&hellip;]<\/p>\n","protected":false},"author":2,"featured_media":15707,"comment_status":"closed","ping_status":"open","sticky":false,"template":"","format":"standard","meta":{"_themeisle_gutenberg_block_has_review":false,"jetpack_post_was_ever_published":false,"_jetpack_newsletter_access":"","_jetpack_dont_email_post_to_subs":false,"_jetpack_newsletter_tier_id":0,"_jetpack_memberships_contains_paywalled_content":false,"_jetpack_memberships_contains_paid_content":false,"footnotes":""},"categories":[225],"tags":[],"class_list":["post-15708","post","type-post","status-publish","format-standard","has-post-thumbnail","hentry","category-cours-qgis"],"jetpack_featured_media_url":"https:\/\/i0.wp.com\/www.opengis.ch\/wp-content\/uploads\/2023\/03\/models_model.png?fit=783%2C583&ssl=1","jetpack-related-posts":[{"id":3314,"url":"https:\/\/www.opengis.ch\/fr\/2017\/10\/03\/cours-pyqgis-13-11-14-11-2017-a-neuchatel\/","url_meta":{"origin":15708,"position":0},"title":"Cours PyQGIS 13.11.\/14.11.2017 \u00e0 Neuch\u00e2tel","author":"Matthias Kuhn","date":"3 octobre 2017","format":false,"excerpt":"Le cours est complet. Le cours est destin\u00e9 aux utilisateurs avanc\u00e9s de QGIS qui souhaitent accro\u00eetre leurs possibilit\u00e9s gr\u00e2ce \u00e0 l\u2019utilisation de python dans QGIS. Lors de cette formation, nous aborderons diff\u00e9rentes possibilit\u00e9s d\u2019interaction avec l\u2019API QGIS ainsi que la cr\u00e9ation d\u2019interfaces graphiques simples avec PyQt. Les th\u00e8mes suivants seront\u2026","rel":"","context":"Dans &quot;QGIS&quot;","block_context":{"text":"QGIS","link":"https:\/\/www.opengis.ch\/fr\/category\/gis-fr\/qgis-fr\/"},"img":{"alt_text":"","src":"","width":0,"height":0},"classes":[]},{"id":14201,"url":"https:\/\/www.opengis.ch\/fr\/2023\/03\/06\/qgis-de-base\/","url_meta":{"origin":15708,"position":1},"title":"QGIS de Base","author":"Marco Bernasocchi","date":"6 mars 2023","format":false,"excerpt":"A la fin du cours, les participants connaissent les principales fonctions du SIG open source QGIS Desktop, peuvent importer et analyser des donn\u00e9es, cr\u00e9er une carte avec une mise en page professionnelle et saisir des objets avec des attributs et des g\u00e9om\u00e9tries vectorielles.","rel":"","context":"Dans &quot;Cours QGIS&quot;","block_context":{"text":"Cours QGIS","link":"https:\/\/www.opengis.ch\/fr\/category\/cours\/cours-qgis\/"},"img":{"alt_text":"","src":"https:\/\/i0.wp.com\/www.opengis.ch\/wp-content\/uploads\/2024\/06\/vt_basemap.png?fit=1194%2C742&ssl=1&resize=350%2C200","width":350,"height":200,"srcset":"https:\/\/i0.wp.com\/www.opengis.ch\/wp-content\/uploads\/2024\/06\/vt_basemap.png?fit=1194%2C742&ssl=1&resize=350%2C200 1x, https:\/\/i0.wp.com\/www.opengis.ch\/wp-content\/uploads\/2024\/06\/vt_basemap.png?fit=1194%2C742&ssl=1&resize=525%2C300 1.5x, https:\/\/i0.wp.com\/www.opengis.ch\/wp-content\/uploads\/2024\/06\/vt_basemap.png?fit=1194%2C742&ssl=1&resize=700%2C400 2x, https:\/\/i0.wp.com\/www.opengis.ch\/wp-content\/uploads\/2024\/06\/vt_basemap.png?fit=1194%2C742&ssl=1&resize=1050%2C600 3x"},"classes":[]},{"id":7545,"url":"https:\/\/www.opengis.ch\/fr\/2019\/09\/16\/cours-pyqgis-23-1-30-1-2020-a-lausanne\/","url_meta":{"origin":15708,"position":2},"title":"Cours PyQGIS 23.1.\/30.1.2020 \u00e0 Lausanne","author":"Matthias Kuhn","date":"16 septembre 2019","format":false,"excerpt":"Le cours est destin\u00e9 aux utilisateurs avanc\u00e9s de QGIS qui souhaitent accro\u00eetre leurs possibilit\u00e9s gr\u00e2ce \u00e0 l\u2019utilisation de python dans QGIS. Lors de cette formation, nous aborderons diff\u00e9rentes possibilit\u00e9s d\u2019interaction avec l\u2019API QGIS ainsi que la cr\u00e9ation d\u2019interfaces graphiques simples avec PyQt.Les th\u00e8mes suivants seront trait\u00e9s: Utilisation de la console\u2026","rel":"","context":"Dans &quot;Non classifi\u00e9(e)&quot;","block_context":{"text":"Non classifi\u00e9(e)","link":"https:\/\/www.opengis.ch\/fr\/category\/non-classifiee\/"},"img":{"alt_text":"","src":"","width":0,"height":0},"classes":[]},{"id":13601,"url":"https:\/\/www.opengis.ch\/fr\/2023\/02\/24\/cours-qgis-avance-lausanne-28-04-03-05-2023\/","url_meta":{"origin":15708,"position":3},"title":"Cours QGIS avanc\u00e9, Lausanne 28.04.\/03.05.2023","author":"Anna Randegger","date":"24 f\u00e9vrier 2023","format":false,"excerpt":"Inscription Le cours\u00a0se d\u00e9roule\u00a0sur 2 jours (9:00 \u2013 17:00) et co\u00fbte 990 CHF par personne (d\u00eener\u00a0et certificat inclus). Un enseignant\u00a0sera pr\u00e9vu\u00a0pour un maximum de 6 personnes et 2 enseignants pour 7 \u00e0 12 personnes. Description A l'issue de ce cours, les participants seront en mesure de mettre en \u0153uvre des\u2026","rel":"","context":"Dans &quot;QGIS&quot;","block_context":{"text":"QGIS","link":"https:\/\/www.opengis.ch\/fr\/category\/gis\/qgis\/"},"img":{"alt_text":"","src":"https:\/\/i0.wp.com\/www.opengis.ch\/wp-content\/uploads\/2020\/04\/AdobeStock_305245557-scaled.jpeg?fit=1200%2C400&ssl=1&resize=350%2C200","width":350,"height":200,"srcset":"https:\/\/i0.wp.com\/www.opengis.ch\/wp-content\/uploads\/2020\/04\/AdobeStock_305245557-scaled.jpeg?fit=1200%2C400&ssl=1&resize=350%2C200 1x, https:\/\/i0.wp.com\/www.opengis.ch\/wp-content\/uploads\/2020\/04\/AdobeStock_305245557-scaled.jpeg?fit=1200%2C400&ssl=1&resize=525%2C300 1.5x, https:\/\/i0.wp.com\/www.opengis.ch\/wp-content\/uploads\/2020\/04\/AdobeStock_305245557-scaled.jpeg?fit=1200%2C400&ssl=1&resize=700%2C400 2x, https:\/\/i0.wp.com\/www.opengis.ch\/wp-content\/uploads\/2020\/04\/AdobeStock_305245557-scaled.jpeg?fit=1200%2C400&ssl=1&resize=1050%2C600 3x"},"classes":[]},{"id":15092,"url":"https:\/\/www.opengis.ch\/fr\/2024\/11\/12\/modeles-de-traduction-en-qgis-model-baker\/","url_meta":{"origin":15708,"position":4},"title":"Mod\u00e8les de traduction en QGIS Model Baker","author":"Dave Signer","date":"12 novembre 2024","format":false,"excerpt":"La semaine derni\u00e8re, les participant\u00b7e\u00b7s de la journ\u00e9e INTERLIS \u00e0 Yverdon-les-Bains ont pu tester la toute nouvelle version exp\u00e9rimentale du QGIS Model Bakers Version 7.10. Et par la m\u00eame occasion, l\u2019impl\u00e9mentation de la gestion des mod\u00e8les de traduction. Un plaisir pour toutes les r\u00e9gions linguistiques de la Suisse. La Suisse\u2026","rel":"","context":"Dans &quot;Interlis&quot;","block_context":{"text":"Interlis","link":"https:\/\/www.opengis.ch\/fr\/category\/gis-fr\/interlis-fr\/"},"img":{"alt_text":"","src":"https:\/\/i0.wp.com\/www.opengis.ch\/wp-content\/uploads\/2024\/11\/Screenshot-from-2024-11-12-12-16-41-1.jpg?fit=1200%2C778&ssl=1&resize=350%2C200","width":350,"height":200,"srcset":"https:\/\/i0.wp.com\/www.opengis.ch\/wp-content\/uploads\/2024\/11\/Screenshot-from-2024-11-12-12-16-41-1.jpg?fit=1200%2C778&ssl=1&resize=350%2C200 1x, https:\/\/i0.wp.com\/www.opengis.ch\/wp-content\/uploads\/2024\/11\/Screenshot-from-2024-11-12-12-16-41-1.jpg?fit=1200%2C778&ssl=1&resize=525%2C300 1.5x, https:\/\/i0.wp.com\/www.opengis.ch\/wp-content\/uploads\/2024\/11\/Screenshot-from-2024-11-12-12-16-41-1.jpg?fit=1200%2C778&ssl=1&resize=700%2C400 2x, https:\/\/i0.wp.com\/www.opengis.ch\/wp-content\/uploads\/2024\/11\/Screenshot-from-2024-11-12-12-16-41-1.jpg?fit=1200%2C778&ssl=1&resize=1050%2C600 3x"},"classes":[]},{"id":14280,"url":"https:\/\/www.opengis.ch\/fr\/2023\/03\/06\/qgis-avance\/","url_meta":{"origin":15708,"position":5},"title":"QGIS Avanc\u00e9","author":"Marco Bernasocchi","date":"6 mars 2023","format":false,"excerpt":"Apr\u00e8s avoir suivi cette formation, les participants sont en mesure de r\u00e9aliser des projets complexes \u00e0 l'aide de QGIS. Ils conna\u00eetront les caract\u00e9ristiques de diff\u00e9rents formats de donn\u00e9es tels que PostGIS et GeoPackage, seront capables de configurer des flux de travail pour le traitement des g\u00e9odonn\u00e9es avec des outils de\u2026","rel":"","context":"Dans &quot;Cours QGIS&quot;","block_context":{"text":"Cours QGIS","link":"https:\/\/www.opengis.ch\/fr\/category\/cours\/cours-qgis\/"},"img":{"alt_text":"","src":"https:\/\/i0.wp.com\/www.opengis.ch\/wp-content\/uploads\/2021\/11\/modelbaker_baked_project_with_form_wide2.png?fit=1200%2C677&ssl=1&resize=350%2C200","width":350,"height":200,"srcset":"https:\/\/i0.wp.com\/www.opengis.ch\/wp-content\/uploads\/2021\/11\/modelbaker_baked_project_with_form_wide2.png?fit=1200%2C677&ssl=1&resize=350%2C200 1x, https:\/\/i0.wp.com\/www.opengis.ch\/wp-content\/uploads\/2021\/11\/modelbaker_baked_project_with_form_wide2.png?fit=1200%2C677&ssl=1&resize=525%2C300 1.5x, https:\/\/i0.wp.com\/www.opengis.ch\/wp-content\/uploads\/2021\/11\/modelbaker_baked_project_with_form_wide2.png?fit=1200%2C677&ssl=1&resize=700%2C400 2x, https:\/\/i0.wp.com\/www.opengis.ch\/wp-content\/uploads\/2021\/11\/modelbaker_baked_project_with_form_wide2.png?fit=1200%2C677&ssl=1&resize=1050%2C600 3x"},"classes":[]}],"jetpack_shortlink":"https:\/\/wp.me\/pbdBtI-45m","jetpack_sharing_enabled":true,"_links":{"self":[{"href":"https:\/\/www.opengis.ch\/fr\/wp-json\/wp\/v2\/posts\/15708","targetHints":{"allow":["GET"]}}],"collection":[{"href":"https:\/\/www.opengis.ch\/fr\/wp-json\/wp\/v2\/posts"}],"about":[{"href":"https:\/\/www.opengis.ch\/fr\/wp-json\/wp\/v2\/types\/post"}],"author":[{"embeddable":true,"href":"https:\/\/www.opengis.ch\/fr\/wp-json\/wp\/v2\/users\/2"}],"replies":[{"embeddable":true,"href":"https:\/\/www.opengis.ch\/fr\/wp-json\/wp\/v2\/comments?post=15708"}],"version-history":[{"count":3,"href":"https:\/\/www.opengis.ch\/fr\/wp-json\/wp\/v2\/posts\/15708\/revisions"}],"predecessor-version":[{"id":15733,"href":"https:\/\/www.opengis.ch\/fr\/wp-json\/wp\/v2\/posts\/15708\/revisions\/15733"}],"wp:featuredmedia":[{"embeddable":true,"href":"https:\/\/www.opengis.ch\/fr\/wp-json\/wp\/v2\/media\/15707"}],"wp:attachment":[{"href":"https:\/\/www.opengis.ch\/fr\/wp-json\/wp\/v2\/media?parent=15708"}],"wp:term":[{"taxonomy":"category","embeddable":true,"href":"https:\/\/www.opengis.ch\/fr\/wp-json\/wp\/v2\/categories?post=15708"},{"taxonomy":"post_tag","embeddable":true,"href":"https:\/\/www.opengis.ch\/fr\/wp-json\/wp\/v2\/tags?post=15708"}],"curies":[{"name":"wp","href":"https:\/\/api.w.org\/{rel}","templated":true}]}}