{"id":15126,"date":"2024-12-03T06:56:00","date_gmt":"2024-12-03T05:56:00","guid":{"rendered":"https:\/\/www.opengis.ch\/?p=15126"},"modified":"2024-12-03T09:39:41","modified_gmt":"2024-12-03T08:39:41","slug":"des-lieux-pollues-en-geopackage","status":"publish","type":"post","link":"https:\/\/www.opengis.ch\/fr\/2024\/12\/03\/des-lieux-pollues-en-geopackage\/","title":{"rendered":"Des lieux pollu\u00e9s en GeoPackage"},"content":{"rendered":"\n<p><strong>Impl\u00e9menter et modifier le mod\u00e8le f\u00e9d\u00e9ral INTERLIS du cadastre des sites pollu\u00e9s <code>KbS_V1_5<\/code> sans probl\u00e8me dans un GeoPackage ? Un r\u00eave lointain pendant longtemps, mais d\u00e9sormais r\u00e9alit\u00e9. Avec Model Baker 7.10 et ili2db 5.2, vous pouvez maintenant travailler confortablement avec vos ensembles de donn\u00e9es INTERLIS contenant plusieurs colonnes de g\u00e9om\u00e9trie par classe dans un GeoPackage.<\/strong><\/p>\n\n\n\n<figure class=\"wp-block-image size-full\"><img data-recalc-dims=\"1\" loading=\"lazy\" decoding=\"async\" width=\"750\" height=\"482\" src=\"https:\/\/i0.wp.com\/www.opengis.ch\/wp-content\/uploads\/2024\/11\/belastetegpkg-3.png?resize=750%2C482&#038;ssl=1\" alt=\"\" class=\"wp-image-15138\" srcset=\"https:\/\/i0.wp.com\/www.opengis.ch\/wp-content\/uploads\/2024\/11\/belastetegpkg-3.png?w=967&amp;ssl=1 967w, https:\/\/i0.wp.com\/www.opengis.ch\/wp-content\/uploads\/2024\/11\/belastetegpkg-3.png?resize=300%2C193&amp;ssl=1 300w, https:\/\/i0.wp.com\/www.opengis.ch\/wp-content\/uploads\/2024\/11\/belastetegpkg-3.png?resize=768%2C493&amp;ssl=1 768w\" sizes=\"auto, (max-width: 750px) 100vw, 750px\" \/><\/figure>\n\n\n\n<p>Un point de douleur qui existe depuis des ann\u00e9es dans le traitement de mod\u00e8les comme celui du cadastre des sites pollu\u00e9s ou de la planification de l&rsquo;utilisation, c&rsquo;est que les mod\u00e8les <strong>contiennent des classes avec plusieurs g\u00e9om\u00e9tries<\/strong>. Par exemple, ici, une g\u00e9om\u00e9trie de type point et une g\u00e9om\u00e9trie de type polygone.<\/p>\n\n\n\n<pre class=\"wp-block-code\"><code>CLASS Belasteter_Standort =\n    Katasternummer : MANDATORY TEXT;\n    URL_Standort : MultilingualUri;\n    Geo_Lage_Polygon : MultiPolygon;\n    Geo_Lage_Punkt : GeometryCHLV95_V1.Coord2;\n    &#91;...]\nEND Belasteter_Standort;\n<\/code><\/pre>\n\n\n\n<p>Lors de l&rsquo;impl\u00e9mentation de cette classe dans une base de donn\u00e9es relationnelle, des limites sont apparues. Tandis que PostgreSQL n&rsquo;a pas de probl\u00e8me \u00e0 cr\u00e9er des tables avec plusieurs g\u00e9om\u00e9tries, le GeoPackage rencontrait une difficult\u00e9.<\/p>\n\n\n\n<p>Le GeoPackage ne pouvait pas g\u00e9rer plusieurs colonnes de g\u00e9om\u00e9trie dans la m\u00eame table et, par cons\u00e9quent, ne pouvait pas visualiser ces g\u00e9om\u00e9tries comme deux couches distinctes dans QGIS avec la m\u00eame source.<\/p>\n\n\n\n<h2 class=\"wp-block-heading\">Reformuler le mod\u00e8le n&rsquo;est pas une option<\/h2>\n\n\n\n<p>On pourrait penser qu&rsquo;il suffisait de reformuler le mod\u00e8le pour que cela fonctionne.<\/p>\n\n\n\n<pre class=\"wp-block-code\"><code>CLASS Belasteter_Standort (ABSTRACT) =\n    Katasternummer : MANDATORY TEXT;\n    URL_Standort : MultilingualUri;\n    &#91;...]\nEND Belasteter_Standort;\n\nCLASS Belasteter_Standort_Punkt EXTENDS Belasteter_Standort =\n    Geo_Lage_Punkt : GeometryCHLV95_V1.Coord2;\nEND Belasteter_Standort;\n\nCLASS Belasteter_Standort_Polygon EXTENDS Belasteter_Standort =\n    Geo_Lage_Polygon : MultiPolygon;\n    &#91;...]\nEND Belasteter_Standort;\n<\/code><\/pre>\n\n\n\n<p>Mais cette variante &#8211; bien que s\u00e9duisante pour les mod\u00e9listes INTERLIS (\u00e9quivalents des Swifties) &#8211; est moins lisible que la premi\u00e8re version. Et un mod\u00e8le doit, apr\u00e8s tout, aussi \u00eatre un document conceptuel compr\u00e9hensible pour les professionnels du domaine, afin de comprendre la structure des donn\u00e9es.<\/p>\n\n\n\n<p>De plus, un d\u00e9veloppeur d&rsquo;outils m&rsquo;a dit une fois que, lorsqu&rsquo;il mod\u00e9lise, il se concentre uniquement sur la mod\u00e9lisation sans se soucier de la capacit\u00e9 des outils \u00e0 la g\u00e9rer. Sinon, le d\u00e9veloppement d&rsquo;outils s&rsquo;arr\u00eate. Ce qui est \u00e9galement vrai.<\/p>\n\n\n\n<p>Cependant, l&rsquo;impossibilit\u00e9 de mettre en place un mod\u00e8le tel que celui du cadastre des sites pollu\u00e9s dans un GeoPackage constituait une contrainte extr\u00eamement difficile. De plus, les mod\u00e8les f\u00e9d\u00e9raux sont fix\u00e9s et on ne peut pas simplement les modifier \u00e0 sa guise.<\/p>\n\n\n\n<h2 class=\"wp-block-heading\">C&rsquo;est pourquoi les outils arrivent<\/h2>\n\n\n\n<p>Le besoin \u00e9tait donc dans les outils, et pour pouvoir modifier une table du GeoPackage avec des g\u00e9om\u00e9tries multiples dans QGIS, l&rsquo;ensemble de la cha\u00eene \u00e9tait impliqu\u00e9 :<\/p>\n\n\n\n<ul class=\"wp-block-list\">\n<li>ili2gpkg, pour cr\u00e9er des tables avec plusieurs g\u00e9om\u00e9tries (\u00e0 partir de la version 5.2.0)<\/li>\n\n\n\n<li>GDAL (en tant que biblioth\u00e8que backend de QGIS), pour lire ces tables (\u00e0 partir de la version 3.8)<\/li>\n\n\n\n<li>QGIS Model Baker, pour cr\u00e9er et nommer les couches en fonction de leurs caract\u00e9ristiques (depuis la version 7.10.0)<\/li>\n<\/ul>\n\n\n\n<p>\u00c0 ce point, merci beaucoup pour votre coop\u00e9ration. Il est toutefois important de mentionner que la mise en \u0153uvre, notamment dans GDAL, ne respecte pas compl\u00e8tement la norme g\u00e9n\u00e9rale. C&rsquo;est pourquoi il peut y avoir certains risques, et il est conseill\u00e9 de tester cette m\u00e9thode de modification des donn\u00e9es au pr\u00e9alable. De plus, cette configuration n&rsquo;est pas activ\u00e9e par d\u00e9faut dans Model Baker.<\/p>\n\n\n\n<p>Si vous souhaitez cr\u00e9er un GeoPackage avec des g\u00e9om\u00e9tries multiples, vous pouvez le faire via les param\u00e8tres avanc\u00e9s lors de l&rsquo;importation du sch\u00e9ma.<\/p>\n\n\n\n<figure class=\"wp-block-image size-full\"><img data-recalc-dims=\"1\" loading=\"lazy\" decoding=\"async\" width=\"750\" height=\"515\" src=\"https:\/\/i0.wp.com\/www.opengis.ch\/wp-content\/uploads\/2024\/11\/1.jpg?resize=750%2C515&#038;ssl=1\" alt=\"\" class=\"wp-image-15109\" srcset=\"https:\/\/i0.wp.com\/www.opengis.ch\/wp-content\/uploads\/2024\/11\/1.jpg?w=915&amp;ssl=1 915w, https:\/\/i0.wp.com\/www.opengis.ch\/wp-content\/uploads\/2024\/11\/1.jpg?resize=300%2C206&amp;ssl=1 300w, https:\/\/i0.wp.com\/www.opengis.ch\/wp-content\/uploads\/2024\/11\/1.jpg?resize=768%2C527&amp;ssl=1 768w\" sizes=\"auto, (max-width: 750px) 100vw, 750px\" \/><\/figure>\n\n\n\n<p>Cela active en arri\u00e8re-plan le param\u00e8tre <code>--gpkgMultiGeomPerTable<\/code>. S&rsquo;il n&rsquo;y a pas de classes avec plusieurs g\u00e9om\u00e9tries dans le mod\u00e8le concern\u00e9, ce param\u00e8tre n&rsquo;aura aucun effet.<\/p>\n\n\n\n<p>Lors de la cr\u00e9ation du projet QGIS, le message suivant appara\u00eet. Si vous travaillez avec une version de QGIS qui prend en charge une version de GDAL qui inclut d\u00e9j\u00e0 cette mise en \u0153uvre (\u00e0 partir de GDAL 3.8), vous pouvez cr\u00e9er le projet QGIS, sinon cela ne sera malheureusement pas encore possible.<\/p>\n\n\n\n<figure class=\"wp-block-image size-large\"><img data-recalc-dims=\"1\" loading=\"lazy\" decoding=\"async\" width=\"750\" height=\"447\" src=\"https:\/\/i0.wp.com\/www.opengis.ch\/wp-content\/uploads\/2024\/11\/2.jpg?resize=750%2C447&#038;ssl=1\" alt=\"\" class=\"wp-image-15110\" srcset=\"https:\/\/i0.wp.com\/www.opengis.ch\/wp-content\/uploads\/2024\/11\/2.jpg?resize=1024%2C610&amp;ssl=1 1024w, https:\/\/i0.wp.com\/www.opengis.ch\/wp-content\/uploads\/2024\/11\/2.jpg?resize=300%2C179&amp;ssl=1 300w, https:\/\/i0.wp.com\/www.opengis.ch\/wp-content\/uploads\/2024\/11\/2.jpg?resize=768%2C457&amp;ssl=1 768w, https:\/\/i0.wp.com\/www.opengis.ch\/wp-content\/uploads\/2024\/11\/2.jpg?w=1113&amp;ssl=1 1113w\" sizes=\"auto, (max-width: 750px) 100vw, 750px\" \/><\/figure>\n\n\n\n<blockquote class=\"wp-block-quote is-layout-flow wp-block-quote-is-layout-flow\">\n<p>En principe, les projets QGIS plus r\u00e9cents reposent sur des versions de GDAL sup\u00e9rieures \u00e0 3.8. Au moins sur Windows d\u00e8s la version 3.36 et peut-\u00eatre aussi quelques versions 3.34. Sur Ubuntu, il est possible que vous ayez de la chance. Le <a href=\"https:\/\/qgis.org\/ubuntu\">d\u00e9p\u00f4t officiel<\/a> a encore la version 3.4 de GDAL. Avec le <a href=\"https:\/\/qgis.org\/ubuntugis\">d\u00e9p\u00f4t ubuntugis<\/a><a href=\"https:\/\/ubuntugis.qgis.org\/ubuntugis\/\"> <\/a>avec des d\u00e9pendances instables, vous aurez probablement plus de succ\u00e8s.<\/p>\n<\/blockquote>\n\n\n\n<p>Quoi qu&rsquo;il en soit, il est important de garder \u00e0 l&rsquo;esprit pour qui vous cr\u00e9ez ce GeoPackage et ce projet QGIS. Car m\u00eame si cela fonctionne pour vous, vous souhaiterez s\u00fbrement que vos coll\u00e8gues l&rsquo;utilisent aussi, et vous devrez vous assurer qu&rsquo;ils utilisent la bonne version de QGIS.<\/p>\n\n\n\n<h2 class=\"wp-block-heading\">Alors, allons-y !<\/h2>\n\n\n\n<p>Mais cela ne change rien au fait que nous pouvons d\u00e9sormais enfin modifier sans difficult\u00e9 les donn\u00e9es du <code>KbS_V1_5<\/code> via QGIS dans un GeoPackage. Ainsi, nous esp\u00e9rons que vous pourrez \u00e9galement en profiter.<\/p>\n\n\n\n<p>Maintenant, pr\u00e9parez le projet.<\/p>\n\n\n\n<figure class=\"wp-block-image size-large\"><img data-recalc-dims=\"1\" loading=\"lazy\" decoding=\"async\" width=\"750\" height=\"447\" src=\"https:\/\/i0.wp.com\/www.opengis.ch\/wp-content\/uploads\/2024\/11\/3.jpg?resize=750%2C447&#038;ssl=1\" alt=\"\" class=\"wp-image-15111\" srcset=\"https:\/\/i0.wp.com\/www.opengis.ch\/wp-content\/uploads\/2024\/11\/3.jpg?resize=1024%2C610&amp;ssl=1 1024w, https:\/\/i0.wp.com\/www.opengis.ch\/wp-content\/uploads\/2024\/11\/3.jpg?resize=300%2C179&amp;ssl=1 300w, https:\/\/i0.wp.com\/www.opengis.ch\/wp-content\/uploads\/2024\/11\/3.jpg?resize=768%2C457&amp;ssl=1 768w, https:\/\/i0.wp.com\/www.opengis.ch\/wp-content\/uploads\/2024\/11\/3.jpg?w=1113&amp;ssl=1 1113w\" sizes=\"auto, (max-width: 750px) 100vw, 750px\" \/><\/figure>\n\n\n\n<p>Ensuite, amusez-vous bien !<\/p>\n\n\n\n<figure class=\"wp-block-image size-large\"><img data-recalc-dims=\"1\" loading=\"lazy\" decoding=\"async\" width=\"750\" height=\"330\" src=\"https:\/\/i0.wp.com\/www.opengis.ch\/wp-content\/uploads\/2024\/11\/4.jpg?resize=750%2C330&#038;ssl=1\" alt=\"\" class=\"wp-image-15112\" srcset=\"https:\/\/i0.wp.com\/www.opengis.ch\/wp-content\/uploads\/2024\/11\/4.jpg?resize=1024%2C451&amp;ssl=1 1024w, https:\/\/i0.wp.com\/www.opengis.ch\/wp-content\/uploads\/2024\/11\/4.jpg?resize=300%2C132&amp;ssl=1 300w, https:\/\/i0.wp.com\/www.opengis.ch\/wp-content\/uploads\/2024\/11\/4.jpg?resize=768%2C338&amp;ssl=1 768w, https:\/\/i0.wp.com\/www.opengis.ch\/wp-content\/uploads\/2024\/11\/4.jpg?resize=1536%2C676&amp;ssl=1 1536w, https:\/\/i0.wp.com\/www.opengis.ch\/wp-content\/uploads\/2024\/11\/4.jpg?w=1758&amp;ssl=1 1758w\" sizes=\"auto, (max-width: 750px) 100vw, 750px\" \/><\/figure>\n\n\n\n<h2 class=\"wp-block-heading\">Quelques d\u00e9tails techniques<\/h2>\n\n\n\n<p>Au lieu de cr\u00e9er deux tables comme auparavant, ili2gpkg cr\u00e9e une seule table <code>belasteter_standort<\/code> gr\u00e2ce au param\u00e8tre <code>--gpkgMultiGeomPerTable<\/code>. Les deux colonnes de g\u00e9om\u00e9trie sont ensuite enregistr\u00e9es dans la table technique <code>gpkg_geometry_columns<\/code>. Si <code>belasteter_standort<\/code> y appara\u00eet plusieurs fois, OGR (GDAL) fournira \u00e0 QGIS plusieurs couches avec des noms distincts : <code>belasteter_standort (geo_lage_punkt)<\/code> et <code>belasteter_standort (geo_lage_polygon)<\/code>.<\/p>\n\n\n\n<p><\/p>\n","protected":false},"excerpt":{"rendered":"<p>Impl\u00e9menter et modifier le mod\u00e8le f\u00e9d\u00e9ral INTERLIS du cadastre des sites pollu\u00e9s KbS_V1_5 sans probl\u00e8me dans un GeoPackage ? Un r\u00eave lointain pendant longtemps, mais d\u00e9sormais r\u00e9alit\u00e9. Avec Model Baker 7.10 et ili2db 5.2, vous pouvez maintenant travailler confortablement avec vos ensembles de donn\u00e9es INTERLIS contenant plusieurs colonnes de g\u00e9om\u00e9trie [&hellip;]<\/p>\n","protected":false},"author":6,"featured_media":15138,"comment_status":"open","ping_status":"open","sticky":false,"template":"","format":"standard","meta":{"_themeisle_gutenberg_block_has_review":false,"jetpack_post_was_ever_published":false,"_jetpack_newsletter_access":"","_jetpack_dont_email_post_to_subs":false,"_jetpack_newsletter_tier_id":0,"_jetpack_memberships_contains_paywalled_content":false,"_jetpack_memberships_contains_paid_content":false,"footnotes":""},"categories":[177,108,115],"tags":[207,208,210],"class_list":["post-15126","post","type-post","status-publish","format-standard","has-post-thumbnail","hentry","category-interlis-fr","category-non-classifiee","category-qgis-fr","tag-interlis-fr","tag-model-baker-fr","tag-qgis-fr"],"jetpack_featured_media_url":"https:\/\/i0.wp.com\/www.opengis.ch\/wp-content\/uploads\/2024\/11\/belastetegpkg-3.png?fit=967%2C621&ssl=1","jetpack-related-posts":[{"id":15039,"url":"https:\/\/www.opengis.ch\/fr\/2023\/03\/06\/qgis-model-baker\/","url_meta":{"origin":15126,"position":0},"title":"QGIS ModelBaker","author":"Marco Bernasocchi","date":"6 mars 2023","format":false,"excerpt":"A l'issue du cours, les participants connaissent toutes les fonctions de QGIS Model Baker, peuvent repr\u00e9senter des mod\u00e8les INTERLIS dans la base de donn\u00e9es et importer et exporter des fichiers de transfert. En outre, une introduction au maniement des conteneurs et des jeux de donn\u00e9es est donn\u00e9e et le Live\u2026","rel":"","context":"Dans &quot;Cours INTERLIS &amp; Model Baker&quot;","block_context":{"text":"Cours INTERLIS &amp; Model Baker","link":"https:\/\/www.opengis.ch\/fr\/category\/cours\/cours-interlis-model-baker\/"},"img":{"alt_text":"","src":"https:\/\/i0.wp.com\/www.opengis.ch\/wp-content\/uploads\/2022\/11\/modelbaker_course.png?fit=1200%2C800&ssl=1&resize=350%2C200","width":350,"height":200,"srcset":"https:\/\/i0.wp.com\/www.opengis.ch\/wp-content\/uploads\/2022\/11\/modelbaker_course.png?fit=1200%2C800&ssl=1&resize=350%2C200 1x, https:\/\/i0.wp.com\/www.opengis.ch\/wp-content\/uploads\/2022\/11\/modelbaker_course.png?fit=1200%2C800&ssl=1&resize=525%2C300 1.5x, https:\/\/i0.wp.com\/www.opengis.ch\/wp-content\/uploads\/2022\/11\/modelbaker_course.png?fit=1200%2C800&ssl=1&resize=700%2C400 2x, https:\/\/i0.wp.com\/www.opengis.ch\/wp-content\/uploads\/2022\/11\/modelbaker_course.png?fit=1200%2C800&ssl=1&resize=1050%2C600 3x"},"classes":[]},{"id":14280,"url":"https:\/\/www.opengis.ch\/fr\/2023\/03\/06\/qgis-avance\/","url_meta":{"origin":15126,"position":1},"title":"QGIS Avanc\u00e9","author":"Marco Bernasocchi","date":"6 mars 2023","format":false,"excerpt":"Apr\u00e8s avoir suivi cette formation, les participants sont en mesure de r\u00e9aliser des projets complexes \u00e0 l'aide de QGIS. Ils conna\u00eetront les caract\u00e9ristiques de diff\u00e9rents formats de donn\u00e9es tels que PostGIS et GeoPackage, seront capables de configurer des flux de travail pour le traitement des g\u00e9odonn\u00e9es avec des outils de\u2026","rel":"","context":"Dans &quot;Cours QGIS&quot;","block_context":{"text":"Cours QGIS","link":"https:\/\/www.opengis.ch\/fr\/category\/cours\/cours-qgis\/"},"img":{"alt_text":"","src":"https:\/\/i0.wp.com\/www.opengis.ch\/wp-content\/uploads\/2021\/11\/modelbaker_baked_project_with_form_wide2.png?fit=1200%2C677&ssl=1&resize=350%2C200","width":350,"height":200,"srcset":"https:\/\/i0.wp.com\/www.opengis.ch\/wp-content\/uploads\/2021\/11\/modelbaker_baked_project_with_form_wide2.png?fit=1200%2C677&ssl=1&resize=350%2C200 1x, https:\/\/i0.wp.com\/www.opengis.ch\/wp-content\/uploads\/2021\/11\/modelbaker_baked_project_with_form_wide2.png?fit=1200%2C677&ssl=1&resize=525%2C300 1.5x, https:\/\/i0.wp.com\/www.opengis.ch\/wp-content\/uploads\/2021\/11\/modelbaker_baked_project_with_form_wide2.png?fit=1200%2C677&ssl=1&resize=700%2C400 2x, https:\/\/i0.wp.com\/www.opengis.ch\/wp-content\/uploads\/2021\/11\/modelbaker_baked_project_with_form_wide2.png?fit=1200%2C677&ssl=1&resize=1050%2C600 3x"},"classes":[]},{"id":15092,"url":"https:\/\/www.opengis.ch\/fr\/2024\/11\/12\/modeles-de-traduction-en-qgis-model-baker\/","url_meta":{"origin":15126,"position":2},"title":"Mod\u00e8les de traduction en QGIS Model Baker","author":"Dave Signer","date":"12 novembre 2024","format":false,"excerpt":"La semaine derni\u00e8re, les participant\u00b7e\u00b7s de la journ\u00e9e INTERLIS \u00e0 Yverdon-les-Bains ont pu tester la toute nouvelle version exp\u00e9rimentale du QGIS Model Bakers Version 7.10. Et par la m\u00eame occasion, l\u2019impl\u00e9mentation de la gestion des mod\u00e8les de traduction. Un plaisir pour toutes les r\u00e9gions linguistiques de la Suisse. La Suisse\u2026","rel":"","context":"Dans &quot;Interlis&quot;","block_context":{"text":"Interlis","link":"https:\/\/www.opengis.ch\/fr\/category\/gis-fr\/interlis-fr\/"},"img":{"alt_text":"","src":"https:\/\/i0.wp.com\/www.opengis.ch\/wp-content\/uploads\/2024\/11\/Screenshot-from-2024-11-12-12-16-41-1.jpg?fit=1200%2C778&ssl=1&resize=350%2C200","width":350,"height":200,"srcset":"https:\/\/i0.wp.com\/www.opengis.ch\/wp-content\/uploads\/2024\/11\/Screenshot-from-2024-11-12-12-16-41-1.jpg?fit=1200%2C778&ssl=1&resize=350%2C200 1x, https:\/\/i0.wp.com\/www.opengis.ch\/wp-content\/uploads\/2024\/11\/Screenshot-from-2024-11-12-12-16-41-1.jpg?fit=1200%2C778&ssl=1&resize=525%2C300 1.5x, https:\/\/i0.wp.com\/www.opengis.ch\/wp-content\/uploads\/2024\/11\/Screenshot-from-2024-11-12-12-16-41-1.jpg?fit=1200%2C778&ssl=1&resize=700%2C400 2x, https:\/\/i0.wp.com\/www.opengis.ch\/wp-content\/uploads\/2024\/11\/Screenshot-from-2024-11-12-12-16-41-1.jpg?fit=1200%2C778&ssl=1&resize=1050%2C600 3x"},"classes":[]},{"id":12445,"url":"https:\/\/www.opengis.ch\/fr\/2021\/12\/08\/model-baker-6-7-cela-na-jamais-ete-aussi-simple\/","url_meta":{"origin":15126,"position":3},"title":"Model Baker 6.7 &#8211; Cela n&rsquo;a jamais \u00e9t\u00e9 aussi simple","author":"Dave Signer","date":"8 d\u00e9cembre 2021","format":false,"excerpt":"Le plugin QGIS Model Baker existe depuis longtemps. La version 1.0.0 est sortie il y a plus de quatre ans, \u00e0 l'\u00e9poque sous le nom de QGIS Project Generator. Depuis, il s'est pass\u00e9 beaucoup de choses. Et cette ann\u00e9e en particulier, beaucoup de choses ont chang\u00e9 en ce qui concerne\u2026","rel":"","context":"Dans &quot;GIS&quot;","block_context":{"text":"GIS","link":"https:\/\/www.opengis.ch\/fr\/category\/gis-fr\/"},"img":{"alt_text":"","src":"https:\/\/i0.wp.com\/www.opengis.ch\/wp-content\/uploads\/2021\/11\/modelbaker_schema_configuration.png?fit=842%2C767&ssl=1&resize=350%2C200","width":350,"height":200,"srcset":"https:\/\/i0.wp.com\/www.opengis.ch\/wp-content\/uploads\/2021\/11\/modelbaker_schema_configuration.png?fit=842%2C767&ssl=1&resize=350%2C200 1x, https:\/\/i0.wp.com\/www.opengis.ch\/wp-content\/uploads\/2021\/11\/modelbaker_schema_configuration.png?fit=842%2C767&ssl=1&resize=525%2C300 1.5x, https:\/\/i0.wp.com\/www.opengis.ch\/wp-content\/uploads\/2021\/11\/modelbaker_schema_configuration.png?fit=842%2C767&ssl=1&resize=700%2C400 2x"},"classes":[]},{"id":14010,"url":"https:\/\/www.opengis.ch\/fr\/2023\/10\/31\/erweiterte-interlis-modelle-in-qgis\/","url_meta":{"origin":15126,"position":4},"title":"Les mod\u00e8les INTERLIS \u00e9tendus dans QGIS","author":"Dave Signer","date":"31 octobre 2023","format":false,"excerpt":"Le lancement de QGIS Model Baker Release 7.6 est arriv\u00e9 et apporte plusieurs fonctionnalit\u00e9s utiles qui rendront votre travail avec les mod\u00e8les de donn\u00e9es INTERLIS dans QGIS encore plus efficace. L'une de ces fonctionnalit\u00e9s concerne la gestion des mod\u00e8les INTERLIS avanc\u00e9s, qui pouvait \u00eatre assez fastidieuse jusqu'\u00e0 pr\u00e9sent. Mais ce\u2026","rel":"","context":"Dans &quot;GIS&quot;","block_context":{"text":"GIS","link":"https:\/\/www.opengis.ch\/fr\/category\/gis-fr\/"},"img":{"alt_text":"","src":"https:\/\/i0.wp.com\/www.opengis.ch\/wp-content\/uploads\/2023\/10\/278836121-f1c45599-4eea-4d1f-8248-1d830f305202.png?fit=1099%2C299&ssl=1&resize=350%2C200","width":350,"height":200,"srcset":"https:\/\/i0.wp.com\/www.opengis.ch\/wp-content\/uploads\/2023\/10\/278836121-f1c45599-4eea-4d1f-8248-1d830f305202.png?fit=1099%2C299&ssl=1&resize=350%2C200 1x, https:\/\/i0.wp.com\/www.opengis.ch\/wp-content\/uploads\/2023\/10\/278836121-f1c45599-4eea-4d1f-8248-1d830f305202.png?fit=1099%2C299&ssl=1&resize=525%2C300 1.5x, https:\/\/i0.wp.com\/www.opengis.ch\/wp-content\/uploads\/2023\/10\/278836121-f1c45599-4eea-4d1f-8248-1d830f305202.png?fit=1099%2C299&ssl=1&resize=700%2C400 2x, https:\/\/i0.wp.com\/www.opengis.ch\/wp-content\/uploads\/2023\/10\/278836121-f1c45599-4eea-4d1f-8248-1d830f305202.png?fit=1099%2C299&ssl=1&resize=1050%2C600 3x"},"classes":[]},{"id":10027,"url":"https:\/\/www.opengis.ch\/fr\/2020\/04\/02\/cours-qgis-avance-online-13-4-5-2020\/","url_meta":{"origin":15126,"position":5},"title":"Cours QGIS avanc\u00e9, Online 13\/14.5.2020","author":"Marco Bernasocchi","date":"2 avril 2020","format":false,"excerpt":"Inscription Le cours est sur 2 jours (9:00 - 17:00) via Zoom et co\u00fbte 850 CHF par personne. Un enseignant pour un maximum de 6 personnes et 2 enseignants pour 7 \u00e0 12 personnes. Description A l'issue de ce cours, les participants seront capables de mettre en \u0153uvre des projets\u2026","rel":"","context":"Dans &quot;QGIS&quot;","block_context":{"text":"QGIS","link":"https:\/\/www.opengis.ch\/fr\/category\/gis\/qgis\/"},"img":{"alt_text":"","src":"https:\/\/i0.wp.com\/www.opengis.ch\/wp-content\/uploads\/2020\/04\/AdobeStock_305245557-scaled.jpeg?fit=1200%2C400&ssl=1&resize=350%2C200","width":350,"height":200,"srcset":"https:\/\/i0.wp.com\/www.opengis.ch\/wp-content\/uploads\/2020\/04\/AdobeStock_305245557-scaled.jpeg?fit=1200%2C400&ssl=1&resize=350%2C200 1x, https:\/\/i0.wp.com\/www.opengis.ch\/wp-content\/uploads\/2020\/04\/AdobeStock_305245557-scaled.jpeg?fit=1200%2C400&ssl=1&resize=525%2C300 1.5x, https:\/\/i0.wp.com\/www.opengis.ch\/wp-content\/uploads\/2020\/04\/AdobeStock_305245557-scaled.jpeg?fit=1200%2C400&ssl=1&resize=700%2C400 2x, https:\/\/i0.wp.com\/www.opengis.ch\/wp-content\/uploads\/2020\/04\/AdobeStock_305245557-scaled.jpeg?fit=1200%2C400&ssl=1&resize=1050%2C600 3x"},"classes":[]}],"jetpack_shortlink":"https:\/\/wp.me\/pbdBtI-3VY","jetpack_sharing_enabled":true,"_links":{"self":[{"href":"https:\/\/www.opengis.ch\/fr\/wp-json\/wp\/v2\/posts\/15126","targetHints":{"allow":["GET"]}}],"collection":[{"href":"https:\/\/www.opengis.ch\/fr\/wp-json\/wp\/v2\/posts"}],"about":[{"href":"https:\/\/www.opengis.ch\/fr\/wp-json\/wp\/v2\/types\/post"}],"author":[{"embeddable":true,"href":"https:\/\/www.opengis.ch\/fr\/wp-json\/wp\/v2\/users\/6"}],"replies":[{"embeddable":true,"href":"https:\/\/www.opengis.ch\/fr\/wp-json\/wp\/v2\/comments?post=15126"}],"version-history":[{"count":6,"href":"https:\/\/www.opengis.ch\/fr\/wp-json\/wp\/v2\/posts\/15126\/revisions"}],"predecessor-version":[{"id":15146,"href":"https:\/\/www.opengis.ch\/fr\/wp-json\/wp\/v2\/posts\/15126\/revisions\/15146"}],"wp:featuredmedia":[{"embeddable":true,"href":"https:\/\/www.opengis.ch\/fr\/wp-json\/wp\/v2\/media\/15138"}],"wp:attachment":[{"href":"https:\/\/www.opengis.ch\/fr\/wp-json\/wp\/v2\/media?parent=15126"}],"wp:term":[{"taxonomy":"category","embeddable":true,"href":"https:\/\/www.opengis.ch\/fr\/wp-json\/wp\/v2\/categories?post=15126"},{"taxonomy":"post_tag","embeddable":true,"href":"https:\/\/www.opengis.ch\/fr\/wp-json\/wp\/v2\/tags?post=15126"}],"curies":[{"name":"wp","href":"https:\/\/api.w.org\/{rel}","templated":true}]}}