{"id":14587,"date":"2024-06-20T06:43:00","date_gmt":"2024-06-20T04:43:00","guid":{"rendered":"https:\/\/www.opengis.ch\/?p=14587"},"modified":"2024-06-20T17:36:01","modified_gmt":"2024-06-20T15:36:01","slug":"journee-des-utilisateurs-qgis-suisse-2024-du-point-de-vue-dopengis-ch","status":"publish","type":"post","link":"https:\/\/www.opengis.ch\/fr\/2024\/06\/20\/journee-des-utilisateurs-qgis-suisse-2024-du-point-de-vue-dopengis-ch\/","title":{"rendered":"Journ\u00e9e des utilisateurs QGIS Suisse 2024 &#8211; du point de vue d\u2019OPENGIS.ch"},"content":{"rendered":"\n<p>Pendant la pand\u00e9mie, nous avons remarqu\u00e9 \u00e0 quel point le travail \u00e0 distance pouvait \u00eatre efficace, \u00e0 quel point les visioconf\u00e9rences pouvaient \u00eatre productives et \u00e0 quel point les webinaires fonctionnaient bien. Au sein d\u2019OPENGIS.ch, ce n&rsquo;\u00e9tait pas une nouveaut\u00e9 car nous travaillions d\u00e9j\u00e0 \u00e0 100% \u00e0 distance. Mais ce qui nous a vraiment manqu\u00e9, comme la plupart des gens dans notre secteur, c&rsquo;\u00e9tait de rencontrer les parties prenantes en personne, de se r\u00e9unir, de r\u00e9seauter et d&rsquo;\u00e9changer des id\u00e9es sur un sujet commun. Pas lors de r\u00e9unions planifi\u00e9es, mais dans des discussions ouvertes, autour d\u2019un caf\u00e9, sur le chemin des toilettes, en prenant l&rsquo;air ou lors d&rsquo;une bi\u00e8re apr\u00e8s le travail au soleil. Nous sommes donc tr\u00e8s heureux que la Journ\u00e9e des utilisateurs QGIS Suisse ait eu lieu pour la deuxi\u00e8me fois depuis lors, la semaine derni\u00e8re.<\/p>\n\n\n\n<p>OPENGIS.ch s&rsquo;est investi dans QGIS depuis sa cr\u00e9ation, en fait m\u00eame avant; notre PDG Marco a commenc\u00e9 \u00e0 travailler avec QGIS 0.6 en 2004 et notre CTO Matthias avec la version 1.7 en 2012. Et depuis 2019, nous sommes l&rsquo;entreprise avec le plus grand nombre de contributeurs core de QGIS. Nous pouvons d\u00e9finitivement dire qu&rsquo;OPENGIS.ch a \u00e9t\u00e9 l&rsquo;un des principaux moteurs de l&rsquo;adoption massive de QGIS en Suisse et dans le monde.<\/p>\n\n\n\n<figure class=\"wp-block-image size-large is-resized is-style-default\"><img data-recalc-dims=\"1\" loading=\"lazy\" decoding=\"async\" width=\"750\" height=\"422\" src=\"https:\/\/i0.wp.com\/www.opengis.ch\/wp-content\/uploads\/2024\/06\/contrib.png?resize=750%2C422&#038;ssl=1\" alt=\"\" class=\"wp-image-14568\" style=\"width:840px;height:auto\" srcset=\"https:\/\/i0.wp.com\/www.opengis.ch\/wp-content\/uploads\/2024\/06\/contrib.png?resize=1024%2C576&amp;ssl=1 1024w, https:\/\/i0.wp.com\/www.opengis.ch\/wp-content\/uploads\/2024\/06\/contrib.png?resize=300%2C169&amp;ssl=1 300w, https:\/\/i0.wp.com\/www.opengis.ch\/wp-content\/uploads\/2024\/06\/contrib.png?resize=768%2C432&amp;ssl=1 768w, https:\/\/i0.wp.com\/www.opengis.ch\/wp-content\/uploads\/2024\/06\/contrib.png?w=1411&amp;ssl=1 1411w\" sizes=\"auto, (max-width: 750px) 100vw, 750px\" \/><figcaption class=\"wp-element-caption\">Contributions au noyau QGIS mesur\u00e9es en nombre de commits<\/figcaption><\/figure>\n\n\n\n<p>En termes de contribution au code de QGIS, nous sommes de loin l&rsquo;entreprise la plus prolifique en Suisse et la deuxi\u00e8me au monde, juste derri\u00e8re North Road Consulting. De plus, nous avons \u00e9t\u00e9 la premi\u00e8re &#8211; et sommes toujours l&rsquo;une des deux seules &#8211; entreprises \u00e0 <a href=\"https:\/\/qgis.org\/fr\/site\/about\/sustaining_members.html\" target=\"_blank\" rel=\"noreferrer noopener\">soutenir QGIS.org \u00e0 un niveau <em>Large<\/em><\/a> depuis 2021.<\/p>\n\n\n\n<p>Cela nous rend tr\u00e8s fiers et c&rsquo;est pourquoi nous sommes encore plus heureux de voir \u00e0 quel point ce qui se passe autour de QGIS en Suisse s&rsquo;aligne avec les visions et les objectifs que nous nous sommes fix\u00e9s il y a des ann\u00e9es.<\/p>\n\n\n\n<figure class=\"wp-block-image size-large\"><img data-recalc-dims=\"1\" loading=\"lazy\" decoding=\"async\" width=\"750\" height=\"563\" src=\"https:\/\/i0.wp.com\/www.opengis.ch\/wp-content\/uploads\/2024\/06\/IMG_20240611_085925.jpg?resize=750%2C563&#038;ssl=1\" alt=\"\" class=\"wp-image-14562\" srcset=\"https:\/\/i0.wp.com\/www.opengis.ch\/wp-content\/uploads\/2024\/06\/IMG_20240611_085925.jpg?resize=1024%2C768&amp;ssl=1 1024w, https:\/\/i0.wp.com\/www.opengis.ch\/wp-content\/uploads\/2024\/06\/IMG_20240611_085925.jpg?resize=300%2C225&amp;ssl=1 300w, https:\/\/i0.wp.com\/www.opengis.ch\/wp-content\/uploads\/2024\/06\/IMG_20240611_085925.jpg?resize=768%2C576&amp;ssl=1 768w, https:\/\/i0.wp.com\/www.opengis.ch\/wp-content\/uploads\/2024\/06\/IMG_20240611_085925.jpg?resize=1536%2C1152&amp;ssl=1 1536w, https:\/\/i0.wp.com\/www.opengis.ch\/wp-content\/uploads\/2024\/06\/IMG_20240611_085925.jpg?w=1600&amp;ssl=1 1600w\" sizes=\"auto, (max-width: 750px) 100vw, 750px\" \/><figcaption class=\"wp-element-caption\">Notre CTO Matthias r\u00e9pondant aux questions sur QGIS<\/figcaption><\/figure>\n\n\n\n<p>La journ\u00e9e a commenc\u00e9 par une pr\u00e9sentation de notre CTO Matthias Kuhn \u00ab\u00a0Quoi de neuf dans QGIS\u00a0\u00bb mettant en avant de nombreux travaux sponsoris\u00e9s par le Groupe d\u2019utilisateurs suisse. Les am\u00e9liorations de DXF, la sortie de SwissLocator 3.0 avec l&rsquo;int\u00e9gration de swissalti3d et des tuiles vectorielles, ainsi qu&rsquo;une mise \u00e0 jour sur les avancements dans la gestion des arcs de cercle dans QGIS, une condition pr\u00e9alable \u00e0 la gestion correcte des donn\u00e9es de la mensuration officielle en Suisse, \u00e9taient quelques-uns des points forts.<\/p>\n\n\n\n<p>Le highlight secret de la pr\u00e9sentation de Matthias \u00e9tait une meilleure int\u00e9gration des API OGC dans QGIS, qui a \u00e9galement \u00e9t\u00e9 soulign\u00e9e dans une pr\u00e9sentation ult\u00e9rieure sur Kablo, montrant comment la prochaine g\u00e9n\u00e9ration des modules m\u00e9tier pourrait \u00eatre mise en \u0153uvre.<\/p>\n\n\n\n<pre class=\"wp-block-code\"><code>Slides: <a href=\"https:\/\/docs.google.com\/presentation\/d\/1ITN71d_Otv3e0DH63Muod9kpdE1FMd-wRmSPUVO-1Yg\/edit?usp=sharing\" target=\"_blank\" rel=\"noreferrer noopener\">Neues aus der QGIS Welt - QGIS Anwendertag 2024<\/a><\/code><\/pre>\n\n\n\n<p>Ensuite, une courte pr\u00e9sentation sur le projet DMAV (Mod\u00e8le de g\u00e9odonn\u00e9es de la mensuration officielle) a eu lieu, o\u00f9 Christoph Lauber a pr\u00e9sent\u00e9 un projet visant \u00e0 mettre en \u0153uvre un module m\u00e9tier pour la mensuration officielle avec QGIS. Quelle co\u00efncidence\u2026<\/p>\n\n\n\n<p>Adrian Wicki de l&rsquo;Office f\u00e9d\u00e9ral de l&rsquo;environnement (OFEV) et Isabel ont pr\u00e9sent\u00e9 comment OPENGIS.ch et les partenaires Puzzle et Zeilenwerk aident l&rsquo;OFEV avec le projet SAM \u00e0 \u00e9valuer les dangers des inondations, des incendies de for\u00eat ou des glissements de terrain, et \u00e0 avertir les autorit\u00e9s et la population. Gr\u00e2ce \u00e0 une organisation de projet agile, ce projet complexe r\u00e9ussit \u00e0 r\u00e9pondre aux exigences en appliquant des concepts de d\u00e9veloppement centr\u00e9s sur l&rsquo;utilisateur. QGIS est utilis\u00e9 pour visualiser et analyser les donn\u00e9es et aider les pr\u00e9visionnistes \u00e0 obtenir des informations sur la situation actuelle.<\/p>\n\n\n\n<pre class=\"wp-block-code\"><code>Slides: <a href=\"https:\/\/docs.google.com\/presentation\/d\/18bGeUzrVw7g58VxKrdLuAhTVt-BEYMpTvIDVTp4ZMJY\/edit?usp=sharing\" target=\"_blank\" rel=\"noreferrer noopener\">BAFU_SAM<\/a><\/code><\/pre>\n\n\n\n<p>Andreas Neumann de l&rsquo;ETH Zurich et Michael ont pr\u00e9sent\u00e9 le projet qgis-js au Groupe d&rsquo;utilisateurs QGIS Suisse. qgis-js est un effort pour porter le noyau de QGIS sur WebAssembly afin qu&rsquo;il puisse \u00eatre ex\u00e9cut\u00e9 dans un navigateur web. Bien que le projet en soit encore \u00e0 la phase exp\u00e9rimentale, il a un grand potentiel pour exploiter de nouveaux cas d&rsquo;utilisation int\u00e9ressants qui n&rsquo;\u00e9taient m\u00eame pas envisageables auparavant.<\/p>\n\n\n\n<pre class=\"wp-block-code\"><code>Slides: <a href=\"https:\/\/boardend.github.io\/qgis-js-demo\/\">https:\/\/boardend.github.io\/qgis-js-demo\/<\/a>&nbsp;<\/code><\/pre>\n\n\n\n<p>Olivier Monod de la ville d&rsquo;Yverdon a pr\u00e9sent\u00e9 <a href=\"https:\/\/kablo.ch\">Kablo<\/a>, un projet pilote de gestion de l&rsquo;\u00e9lectricit\u00e9 de nouvelle g\u00e9n\u00e9ration d\u00e9velopp\u00e9 en collaboration avec OPENGIS.ch. En appliquant un middleware bas\u00e9 sur les API OGC et Django, Kablo montre comment surmonter les limitations courantes des modules m\u00e9tier actuels (comme la gestion des autorisations et les op\u00e9rations atomiques) et comment les solutions desktop et web peuvent \u00eatre coupl\u00e9es plus fortement.<\/p>\n\n\n\n<pre class=\"wp-block-code\"><code>Slides: <a href=\"https:\/\/docs.google.com\/presentation\/d\/1PQx48mr33cJcppWhoswofSj0zxGpHmncsjj24OtUCtI\/edit?usp=sharing\" target=\"_blank\" rel=\"noreferrer noopener\">kablo-qgis-user-days<\/a><\/code><\/pre>\n\n\n\n<p>\u00c9videmment, il n&rsquo;y avait pas qu\u2019OPENGIS.ch. Sandro Mani de Sourcepole a pr\u00e9sent\u00e9 les derni\u00e8res am\u00e9liorations sur <a href=\"https:\/\/github.com\/qgis\/qwc2\" target=\"_blank\" rel=\"noreferrer noopener\">QWC2<\/a>, comme l&rsquo;int\u00e9gration de Street View et de nouvelles fonctionnalit\u00e9s utiles de QGIS dans un beau SIG web. Andreas Schmid du canton de Soleure a pr\u00e9sent\u00e9 \u00e0 quel point le Cloud optimized GeoTIFF (COG) peut \u00eatre pratique, mais aussi quels d\u00e9fis il peut amener du point de vue de l\u2019infrastructure. Int\u00e9ress\u00e9 par le sujet ? Lisez <a href=\"https:\/\/www.opengis.ch\/de\/2024\/04\/09\/cloud-optimized-geospatial-formats\/\" target=\"_blank\" rel=\"noreferrer noopener\">notre rapport<\/a> sur les formats optimis\u00e9s pour le cloud. Mattia Panduri du canton du Tessin a expliqu\u00e9 comment QGIS a \u00e9t\u00e9 utilis\u00e9 pour harmoniser l\u2019ensemble des donn\u00e9es des b\u00e2timents cantonaux. Et Timoth\u00e9e Produit d\u2019IG Group SA a pr\u00e9sent\u00e9 comment pic2map aide \u00e0 apporter des photos sur les cartes.<\/p>\n\n\n\n<p>Pour conclure la matin\u00e9e, Nyall Dawson de North Road Consulting a fait une session en direct depuis l\u2019autre bout du monde pour montrer les derniers d\u00e9veloppements sur le filtrage de donn\u00e9es d\u2019altitude dans QGIS.<\/p>\n\n\n\n<p>La journ\u00e9e a continu\u00e9 au travers d\u2019ateliers. Claas Leiner a dirig\u00e9 un atelier sur les expressions QGIS tandis que Matthias et Michael ont montr\u00e9 comment exploiter les outils de traitement QGIS pour construire des flux de traitement de donn\u00e9es g\u00e9ospatiales. <\/p>\n\n\n\n<p>Dans la troisi\u00e8me salle, la premi\u00e8re r\u00e9union des utilisateurs de  <a href=\"https:\/\/modelbaker.ch\" target=\"_blank\" rel=\"noreferrer noopener\">QGIS Model Baker<\/a> a eu lieu, o\u00f9 nous avons discut\u00e9 de cet outil fantastique que nous avons d\u00e9velopp\u00e9 pour rendre le travail avec INTERLIS plus intuitif et plus productif.<\/p>\n\n\n\n<figure class=\"wp-block-image size-large\"><img data-recalc-dims=\"1\" loading=\"lazy\" decoding=\"async\" width=\"750\" height=\"563\" src=\"https:\/\/i0.wp.com\/www.opengis.ch\/wp-content\/uploads\/2024\/06\/1000050805.jpg?resize=750%2C563&#038;ssl=1\" alt=\"\" class=\"wp-image-14559\" srcset=\"https:\/\/i0.wp.com\/www.opengis.ch\/wp-content\/uploads\/2024\/06\/1000050805.jpg?resize=1024%2C768&amp;ssl=1 1024w, https:\/\/i0.wp.com\/www.opengis.ch\/wp-content\/uploads\/2024\/06\/1000050805.jpg?resize=300%2C225&amp;ssl=1 300w, https:\/\/i0.wp.com\/www.opengis.ch\/wp-content\/uploads\/2024\/06\/1000050805.jpg?resize=768%2C576&amp;ssl=1 768w, https:\/\/i0.wp.com\/www.opengis.ch\/wp-content\/uploads\/2024\/06\/1000050805.jpg?resize=1536%2C1152&amp;ssl=1 1536w, https:\/\/i0.wp.com\/www.opengis.ch\/wp-content\/uploads\/2024\/06\/1000050805.jpg?w=1600&amp;ssl=1 1600w\" sizes=\"auto, (max-width: 750px) 100vw, 750px\" \/><figcaption class=\"wp-element-caption\">Premi\u00e8re r\u00e9union des utilisateurs de ModelBaker<\/figcaption><\/figure>\n\n\n\n<p>Ce fut une Journ\u00e9e des utilisateurs QGIS Suisse tr\u00e8s riche et constructive. Nous sommes rentr\u00e9s chez nous forts de nouvelles id\u00e9es et avec un sentiment d&rsquo;accomplissement en voyant \u00e0 quel point notre communaut\u00e9&nbsp; est devenue importante.<\/p>\n\n\n\n<p>Un grand merci au comit\u00e9 du groupe et \u00e0 toutes les personnes qui ont contribu\u00e9 \u00e0 rendre cet \u00e9v\u00e9nement possible. Seule la bi\u00e8re au soleil a \u00e9t\u00e9 litt\u00e9ralement arros\u00e9e par la pluie. N\u00e9anmoins, il y a eu des discussions passionnantes au bistrot de la gare ou dans les wagons-restaurants sur le chemin du retour.<\/p>\n\n\n\n<p>Nous vous disons \u00e0 la prochaine fois, et d&rsquo;ici l\u00e0, continuez \u00e0 aider \u00e0 am\u00e9liorer QGIS et sa communaut\u00e9.<\/p>\n\n\n\n<p>Nous remercions toutes les personnes qui ont contribu\u00e9 \u00e0 fa\u00e7onner QGIS au fil des ans, ensemble nous continuerons \u00e0 faire de notre mieux pour les ann\u00e9es \u00e0 venir \ud83d\ude42<\/p>\n","protected":false},"excerpt":{"rendered":"<p>Ravis d&rsquo;avoir partag\u00e9 notre passion pour #QGIS lors du Swiss User Day ! \ud83c\udf10 De la pr\u00e9sentation des am\u00e9liorations DXF \u00e0 la pr\u00e9sentation de projets comme @foenCH SAM &#038; #Kablo, nous sommes fiers d&rsquo;\u00eatre le principal moteur d&rsquo;innovation de la communaut\u00e9 suisse QGIS. Un grand merci \u00e0 tous ceux qui y contribuent\u00a0! \ud83d\ude80\ud83d\uddfa\ufe0f<\/p>\n","protected":false},"author":38,"featured_media":14559,"comment_status":"open","ping_status":"open","sticky":false,"template":"","format":"standard","meta":{"_themeisle_gutenberg_block_has_review":false,"jetpack_post_was_ever_published":false,"_jetpack_newsletter_access":"","_jetpack_dont_email_post_to_subs":false,"_jetpack_newsletter_tier_id":0,"_jetpack_memberships_contains_paywalled_content":false,"_jetpack_memberships_contains_paid_content":false,"footnotes":""},"categories":[185,177,115],"tags":[169],"class_list":["post-14587","post","type-post","status-publish","format-standard","has-post-thumbnail","hentry","category-events-fr","category-interlis-fr","category-qgis-fr","tag-qgis-org-fr"],"jetpack_featured_media_url":"https:\/\/i0.wp.com\/www.opengis.ch\/wp-content\/uploads\/2024\/06\/1000050805.jpg?fit=1600%2C1200&ssl=1","jetpack-related-posts":[{"id":13136,"url":"https:\/\/www.opengis.ch\/fr\/2022\/06\/27\/rencontre-des-utilisateurs-qgis-berne-2022\/","url_meta":{"origin":14587,"position":0},"title":"Rencontre des utilisateurs QGIS Berne 2022","author":"Fabian Binder","date":"27 juin 2022","format":false,"excerpt":"What a blast it was! The first QField user day in Bern with around 40 participants from Switzerland and neighbouring countries was packed with use case presentations and interesting discussions.","rel":"","context":"Dans &quot;Events&quot;","block_context":{"text":"Events","link":"https:\/\/www.opengis.ch\/fr\/category\/events-fr\/"},"img":{"alt_text":"","src":"https:\/\/i0.wp.com\/www.opengis.ch\/wp-content\/uploads\/2022\/06\/P6153916-scaled.jpg?resize=350%2C200","width":350,"height":200,"srcset":"https:\/\/i0.wp.com\/www.opengis.ch\/wp-content\/uploads\/2022\/06\/P6153916-scaled.jpg?resize=350%2C200 1x, https:\/\/i0.wp.com\/www.opengis.ch\/wp-content\/uploads\/2022\/06\/P6153916-scaled.jpg?resize=525%2C300 1.5x, https:\/\/i0.wp.com\/www.opengis.ch\/wp-content\/uploads\/2022\/06\/P6153916-scaled.jpg?resize=700%2C400 2x, https:\/\/i0.wp.com\/www.opengis.ch\/wp-content\/uploads\/2022\/06\/P6153916-scaled.jpg?resize=1050%2C600 3x, https:\/\/i0.wp.com\/www.opengis.ch\/wp-content\/uploads\/2022\/06\/P6153916-scaled.jpg?resize=1400%2C800 4x"},"classes":[]},{"id":12929,"url":"https:\/\/www.opengis.ch\/fr\/2022\/06\/27\/rencontre-des-utilisateurs-qgis-berne-2022-2\/","url_meta":{"origin":14587,"position":1},"title":"Rencontre des utilisateurs QGIS Berne 2022","author":"Fabian Binder","date":"27 juin 2022","format":false,"excerpt":"What a blast it was! The first QField user day in Bern with around 40 participants from Switzerland and neighbouring countries was packed with use case presentations and interesting discussions.","rel":"","context":"Dans &quot;Events&quot;","block_context":{"text":"Events","link":"https:\/\/www.opengis.ch\/fr\/category\/events-fr\/"},"img":{"alt_text":"","src":"https:\/\/i0.wp.com\/www.opengis.ch\/wp-content\/uploads\/2022\/06\/P6153915-scaled.jpg?fit=1200%2C896&ssl=1&resize=350%2C200","width":350,"height":200,"srcset":"https:\/\/i0.wp.com\/www.opengis.ch\/wp-content\/uploads\/2022\/06\/P6153915-scaled.jpg?fit=1200%2C896&ssl=1&resize=350%2C200 1x, https:\/\/i0.wp.com\/www.opengis.ch\/wp-content\/uploads\/2022\/06\/P6153915-scaled.jpg?fit=1200%2C896&ssl=1&resize=525%2C300 1.5x, https:\/\/i0.wp.com\/www.opengis.ch\/wp-content\/uploads\/2022\/06\/P6153915-scaled.jpg?fit=1200%2C896&ssl=1&resize=700%2C400 2x, https:\/\/i0.wp.com\/www.opengis.ch\/wp-content\/uploads\/2022\/06\/P6153915-scaled.jpg?fit=1200%2C896&ssl=1&resize=1050%2C600 3x"},"classes":[]},{"id":13792,"url":"https:\/\/www.opengis.ch\/fr\/2023\/06\/20\/prise-en-charge-de-wmts-dans-le-plugin-de-localisation-suisse-de-qgis\/","url_meta":{"origin":14587,"position":2},"title":"Prise en charge de WMTS dans le plugin de localisation suisse de QGIS","author":"Matthias Kuhn","date":"20 juin 2023","format":false,"excerpt":"Le plugin QGIS Swiss Locator facilite la vie de nombreux utilisateurs en Suisse en rendant accessibles les nombreuses g\u00e9odonn\u00e9es de swisstopo et opendata.swiss. Cela inclut un large \u00e9ventail de couches de donn\u00e9es, mais \u00e9galement des informations sur les objets et une recherche de noms de lieux. Gr\u00e2ce \u00e0 un projet\u2026","rel":"","context":"Dans &quot;QGIS&quot;","block_context":{"text":"QGIS","link":"https:\/\/www.opengis.ch\/fr\/category\/gis-fr\/qgis-fr\/"},"img":{"alt_text":"","src":"https:\/\/i0.wp.com\/www.opengis.ch\/wp-content\/uploads\/2023\/06\/unnamed.png?fit=512%2C341&ssl=1&resize=350%2C200","width":350,"height":200},"classes":[]},{"id":14065,"url":"https:\/\/www.opengis.ch\/fr\/2023\/12\/20\/suivi-de-larriere-plan-qfield\/","url_meta":{"origin":14587,"position":3},"title":"Traquer en arri\u00e8re-plan sur QField","author":"Marco Bernasocchi","date":"20 d\u00e9cembre 2023","format":false,"excerpt":"Il y a quelques ann\u00e9es, la communaut\u00e9 QField et ses utilisateurs ont montr\u00e9 leur amour pour leur application de terrain pr\u00e9f\u00e9r\u00e9e en soutenant un crowdfunding r\u00e9ussi pour am\u00e9liorer la manipulation de l'appareil photo. Depuis lors, OPENGIS.ch a continu\u00e9 \u00e0 diriger le d\u00e9veloppement de QField avec le soutien r\u00e9gulier de sponsors.\u2026","rel":"","context":"Dans &quot;crowdfunding&quot;","block_context":{"text":"crowdfunding","link":"https:\/\/www.opengis.ch\/fr\/category\/crowdfunding-fr\/"},"img":{"alt_text":"","src":"https:\/\/i0.wp.com\/www.opengis.ch\/wp-content\/uploads\/2023\/06\/gps-tracking.jpeg?fit=1200%2C800&ssl=1&resize=350%2C200","width":350,"height":200,"srcset":"https:\/\/i0.wp.com\/www.opengis.ch\/wp-content\/uploads\/2023\/06\/gps-tracking.jpeg?fit=1200%2C800&ssl=1&resize=350%2C200 1x, https:\/\/i0.wp.com\/www.opengis.ch\/wp-content\/uploads\/2023\/06\/gps-tracking.jpeg?fit=1200%2C800&ssl=1&resize=525%2C300 1.5x, https:\/\/i0.wp.com\/www.opengis.ch\/wp-content\/uploads\/2023\/06\/gps-tracking.jpeg?fit=1200%2C800&ssl=1&resize=700%2C400 2x, https:\/\/i0.wp.com\/www.opengis.ch\/wp-content\/uploads\/2023\/06\/gps-tracking.jpeg?fit=1200%2C800&ssl=1&resize=1050%2C600 3x"},"classes":[]},{"id":14064,"url":"https:\/\/www.opengis.ch\/fr\/2023\/12\/20\/suivi-de-larriere-plan-qfield\/","url_meta":{"origin":14587,"position":4},"title":"Suivi de l&rsquo;arri\u00e8re-plan QField","author":"Marco Bernasocchi","date":"20 d\u00e9cembre 2023","format":false,"excerpt":"Il y a quelques ann\u00e9es, la communaut\u00e9 QField et ses utilisateurs ont montr\u00e9 leur amour pour leur application de terrain pr\u00e9f\u00e9r\u00e9e en soutenant un crowdfunding r\u00e9ussi pour am\u00e9liorer la manipulation de l'appareil photo. Depuis lors, OPENGIS.ch a continu\u00e9 \u00e0 diriger le d\u00e9veloppement de QField avec le soutien r\u00e9gulier de sponsors.\u2026","rel":"","context":"Dans &quot;Uncategorised&quot;","block_context":{"text":"Uncategorised","link":"https:\/\/www.opengis.ch\/fr\/category\/uncategorised\/"},"img":{"alt_text":"","src":"https:\/\/i0.wp.com\/www.opengis.ch\/wp-content\/uploads\/2023\/06\/gps-tracking.jpeg?resize=350%2C200&ssl=1","width":350,"height":200,"srcset":"https:\/\/i0.wp.com\/www.opengis.ch\/wp-content\/uploads\/2023\/06\/gps-tracking.jpeg?resize=350%2C200&ssl=1 1x, https:\/\/i0.wp.com\/www.opengis.ch\/wp-content\/uploads\/2023\/06\/gps-tracking.jpeg?resize=525%2C300&ssl=1 1.5x, https:\/\/i0.wp.com\/www.opengis.ch\/wp-content\/uploads\/2023\/06\/gps-tracking.jpeg?resize=700%2C400&ssl=1 2x, https:\/\/i0.wp.com\/www.opengis.ch\/wp-content\/uploads\/2023\/06\/gps-tracking.jpeg?resize=1050%2C600&ssl=1 3x, https:\/\/i0.wp.com\/www.opengis.ch\/wp-content\/uploads\/2023\/06\/gps-tracking.jpeg?resize=1400%2C800&ssl=1 4x"},"classes":[]},{"id":15092,"url":"https:\/\/www.opengis.ch\/fr\/2024\/11\/12\/modeles-de-traduction-en-qgis-model-baker\/","url_meta":{"origin":14587,"position":5},"title":"Mod\u00e8les de traduction en QGIS Model Baker","author":"Dave Signer","date":"12 novembre 2024","format":false,"excerpt":"La semaine derni\u00e8re, les participant\u00b7e\u00b7s de la journ\u00e9e INTERLIS \u00e0 Yverdon-les-Bains ont pu tester la toute nouvelle version exp\u00e9rimentale du QGIS Model Bakers Version 7.10. Et par la m\u00eame occasion, l\u2019impl\u00e9mentation de la gestion des mod\u00e8les de traduction. Un plaisir pour toutes les r\u00e9gions linguistiques de la Suisse. La Suisse\u2026","rel":"","context":"Dans &quot;Interlis&quot;","block_context":{"text":"Interlis","link":"https:\/\/www.opengis.ch\/fr\/category\/gis-fr\/interlis-fr\/"},"img":{"alt_text":"","src":"https:\/\/i0.wp.com\/www.opengis.ch\/wp-content\/uploads\/2024\/11\/Screenshot-from-2024-11-12-12-16-41-1.jpg?fit=1200%2C778&ssl=1&resize=350%2C200","width":350,"height":200,"srcset":"https:\/\/i0.wp.com\/www.opengis.ch\/wp-content\/uploads\/2024\/11\/Screenshot-from-2024-11-12-12-16-41-1.jpg?fit=1200%2C778&ssl=1&resize=350%2C200 1x, https:\/\/i0.wp.com\/www.opengis.ch\/wp-content\/uploads\/2024\/11\/Screenshot-from-2024-11-12-12-16-41-1.jpg?fit=1200%2C778&ssl=1&resize=525%2C300 1.5x, https:\/\/i0.wp.com\/www.opengis.ch\/wp-content\/uploads\/2024\/11\/Screenshot-from-2024-11-12-12-16-41-1.jpg?fit=1200%2C778&ssl=1&resize=700%2C400 2x, https:\/\/i0.wp.com\/www.opengis.ch\/wp-content\/uploads\/2024\/11\/Screenshot-from-2024-11-12-12-16-41-1.jpg?fit=1200%2C778&ssl=1&resize=1050%2C600 3x"},"classes":[]}],"jetpack_shortlink":"https:\/\/wp.me\/pbdBtI-3Nh","jetpack_sharing_enabled":true,"_links":{"self":[{"href":"https:\/\/www.opengis.ch\/fr\/wp-json\/wp\/v2\/posts\/14587","targetHints":{"allow":["GET"]}}],"collection":[{"href":"https:\/\/www.opengis.ch\/fr\/wp-json\/wp\/v2\/posts"}],"about":[{"href":"https:\/\/www.opengis.ch\/fr\/wp-json\/wp\/v2\/types\/post"}],"author":[{"embeddable":true,"href":"https:\/\/www.opengis.ch\/fr\/wp-json\/wp\/v2\/users\/38"}],"replies":[{"embeddable":true,"href":"https:\/\/www.opengis.ch\/fr\/wp-json\/wp\/v2\/comments?post=14587"}],"version-history":[{"count":7,"href":"https:\/\/www.opengis.ch\/fr\/wp-json\/wp\/v2\/posts\/14587\/revisions"}],"predecessor-version":[{"id":14622,"href":"https:\/\/www.opengis.ch\/fr\/wp-json\/wp\/v2\/posts\/14587\/revisions\/14622"}],"wp:featuredmedia":[{"embeddable":true,"href":"https:\/\/www.opengis.ch\/fr\/wp-json\/wp\/v2\/media\/14559"}],"wp:attachment":[{"href":"https:\/\/www.opengis.ch\/fr\/wp-json\/wp\/v2\/media?parent=14587"}],"wp:term":[{"taxonomy":"category","embeddable":true,"href":"https:\/\/www.opengis.ch\/fr\/wp-json\/wp\/v2\/categories?post=14587"},{"taxonomy":"post_tag","embeddable":true,"href":"https:\/\/www.opengis.ch\/fr\/wp-json\/wp\/v2\/tags?post=14587"}],"curies":[{"name":"wp","href":"https:\/\/api.w.org\/{rel}","templated":true}]}}