{"id":13136,"date":"2022-06-27T23:18:00","date_gmt":"2022-06-27T21:18:00","guid":{"rendered":"https:\/\/www.opengis.ch\/?p=13136"},"modified":"2024-08-15T21:35:36","modified_gmt":"2024-08-15T19:35:36","slug":"rencontre-des-utilisateurs-qgis-berne-2022","status":"publish","type":"post","link":"https:\/\/www.opengis.ch\/fr\/2022\/06\/27\/rencontre-des-utilisateurs-qgis-berne-2022\/","title":{"rendered":"Rencontre des utilisateurs QGIS Berne 2022"},"content":{"rendered":"\n<h2 class=\"wp-block-heading\">Apprendre, pr\u00e9senter, discuter et SE RENCONTRER<\/h2>\n\n\n\n<p>En \u00e9t\u00e9 2022, apr\u00e8s 3 ans de r\u00e9unions en ligne, la communaut\u00e9 suisse des utilisateurs QGIS s&rsquo;est enfin rencontr\u00e9 physiquement \u00e0 l&rsquo;Universit\u00e9 de Berne. Jusqu&rsquo;\u00e0 90 utilisateurs de QGIS, d\u00e9veloppeurs et techniciens ont ainsi pu discuter des derni\u00e8res fonctionnalit\u00e9s et cas d&rsquo;utilisation de QGIS.<\/p>\n\n\n\n<p>Apr\u00e8s un accueil chaleureux et une introduction par Isabel Kiefer d&rsquo;OPENGIS.ch, les pr\u00e9sentations ont commenc\u00e9.<\/p>\n\n\n\n<h3 class=\"wp-block-heading\">QGIS Update<\/h3>\n\n\n\n<p>Marco Bernasocchi (CEO d&rsquo;OPENGIS.ch et pr\u00e9sident de Qgis.org) a pr\u00e9sent\u00e9 les derni\u00e8res fonctionnalit\u00e9s de QGIS. Il a commenc\u00e9 par le journal des modifications de la version actuelle, version long terme 3.22, y compris le nouvel outil Vertex pour la conversion des courbes, des am\u00e9liorations dans l&rsquo;\u00e9dition de maillages et plus encore. Il a suivi par de nombreuses autres am\u00e9liorations du mode 3D, du serveur WMS et de la g\u00e9n\u00e9ration de rapports SQL, pour n&rsquo;en citer que quelques-unes.<\/p>\n\n\n\n<h3 class=\"wp-block-heading\">QGIS Animation Workbench<\/h3>\n\n\n\n<p>Le monde r\u00e9el n&rsquo;est pas statique. Ainsi, les informations sous forme anim\u00e9e sont souvent plus faciles \u00e0 comprendre, comme la visualisation du trafic sur une carte avec des v\u00e9hicules en mouvement. QGIS supporte d\u00e9sormais le rendu dynamique avec le plugin Animation Workbench. Tim Sutton (Kartoza) a pr\u00e9sent\u00e9 une vid\u00e9o Youtube montrant les m\u00e9canismes sous-jacents du plugin et son utilisation.<\/p>\n\n\n\n<h3 class=\"wp-block-heading\">QGIS Model Baker Update<\/h3>\n\n\n\n<p>En commen\u00e7ant par le nouveau logo, Romedi Filli (GIS-Fachstelle, canton de Schaffhouse) a montr\u00e9 les derni\u00e8res am\u00e9liorations du plugin QGIS Model Baker. En particulier, le Data Validator et le UsabILIty Hub rendent la g\u00e9n\u00e9ration de projets QGIS \u00e0 partir de donn\u00e9es Interlis encore plus simple. En outre, il existe dor\u00e9navant un package Python pour ceux qui pr\u00e9f\u00e8rent tout scripter avec Python.<\/p>\n\n\n\n<h3 class=\"wp-block-heading\">Utilisation de QGIS Model Baker pour le cadastre RDPPF<\/h3>\n\n\n\n<p>Adrian Weber (D\u00fctschler + Partner) a ensuite montr\u00e9 comment QGIS Model Baker permet de migrer pas \u00e0 pas la gestion des plans d&rsquo;affectation communaux d&rsquo;un logiciel propri\u00e9taire vers des processus de travail bas\u00e9s sur QGIS. Le temps et l&rsquo;argent pour adapter le syst\u00e8me sont limit\u00e9s. La difficult\u00e9 de fournir ce service public r\u00e9side dans le fait que les donn\u00e9es sont juridiquement contraignantes et que les composants du syst\u00e8me doivent r\u00e9pondre \u00e0 ces exigences.<\/p>\n\n\n\n<h3 class=\"wp-block-heading\">Formulaires et widgets dynamiques avec les expressions QGIS<\/h3>\n\n\n\n<p>Apr\u00e8s une pause caf\u00e9, Andreas Neumann (Office de l&rsquo;information g\u00e9ographique, du canton de Soleure) a fait une pr\u00e9sentation pratique sur les formulaires et widgets QGIS d\u00e9sormais plus dynamiques. Les champs de formulaire peuvent maintenant \u00eatre d\u00e9finis par des expressions, de sorte qu&rsquo;ils sont automatiquement mis \u00e0 jour en fonction des valeurs dans d&rsquo;autres champs du formulaire. De plus, des boutons d&rsquo;action, qui appellent, par exemple, des services web externes, peuvent \u00eatre int\u00e9gr\u00e9s dans les formulaires, des contraintes d\u00e9pendant des donn\u00e9es peuvent \u00eatre d\u00e9finies et plus encore.<\/p>\n\n\n\n<h3 class=\"wp-block-heading\">Analyse des trajectoires de vol<\/h3>\n\n\n\n<p>Pouss\u00e9 par une ambition technique et l&rsquo;objectif de cr\u00e9er une base pertinente pour les discussions politiques, Yvo Weidmann (Geoidee) a r\u00e9alis\u00e9 une analyse complexe des atterrissages de l&rsquo;a\u00e9roport de Zurich en se basant sur des trajectoires de vol open source et des donn\u00e9es swisstopo. Pour ce faire, il a trait\u00e9 les donn\u00e9es d&rsquo;opensky-network.org de l&rsquo;Aeronautical Information Publication. Une grande partie du travail a consist\u00e9 \u00e0 valider et \u00e0 nettoyer les donn\u00e9es. Enfin, il a visualis\u00e9 les r\u00e9sultats dans une animation soign\u00e9e des atterrissages pr\u00e9sent\u00e9e sur QGIS.<\/p>\n\n\n\n<h3 class=\"wp-block-heading\">Modules d&rsquo;application Teksi<\/h3>\n\n\n\n<p>Alexandre Bosshard (Ville de Pully) a pr\u00e9sent\u00e9 TEKSI, une association dont la mission est de fournir aux gestionnaires d&rsquo;infrastructures publiques des outils d&rsquo;aide \u00e0 la d\u00e9cision sous forme de modules professionnels, notamment QGEP et QWAT. Les modules sont tous open source, principalement bas\u00e9s sur QGIS et PostgresSQL\/PostGIS.<\/p>\n\n\n\n<h3 class=\"wp-block-heading\">GEP (by Teksi) et analyse hydrologique avec SWMM<\/h3>\n\n\n\n<p>Timoth\u00e9e Produit (Alpnetsystem SA (IG-Group)) a fait une pr\u00e9sentation plus technique sur leur approche de la gestion d&rsquo;une base de donn\u00e9es centrale qui sert de r\u00e9f\u00e9rence \u00e0 la fois \u00e0 l&rsquo;outil de gestion des eaux us\u00e9es de Teksi, l&rsquo;extension QGEP sur QGIS, ainsi qu&rsquo;au logiciel de gestion des eaux de pluies SWMM pour la r\u00e9alisation d&rsquo;analyses hydrologiques en Suisse romande. Il a montr\u00e9 la configuration n\u00e9cessaire de la base de donn\u00e9es et de l&rsquo;infrastructure, ainsi que leurs \u00e9tapes de travail, afin de g\u00e9n\u00e9rer le r\u00e9sultat souhait\u00e9.<\/p>\n\n\n\n<h3 class=\"wp-block-heading\">Le nouvel outil Profil dans QGIS Core<\/h3>\n\n\n\n<p>Nyall Dawson (North Road) a pr\u00e9sent\u00e9 sa vid\u00e9o Youtube sur les donn\u00e9es de terrain dans le projet QGIS et comment elles interagissent avec les cartes 3D et le nouvel outil de profil. Ceci n&rsquo;est possible qu&rsquo;\u00e0 partir de la version 3.26. Cela offre de nouvelles possibilit\u00e9s de traitement et de visualisation des donn\u00e9es g\u00e9ographiques altim\u00e9triques et 3D. Apr\u00e8s la vid\u00e9o, Nyall a particip\u00e9 virtuellement \u00e0 la conf\u00e9rence pour r\u00e9pondre aux questions d&rsquo;un public impressionn\u00e9.<\/p>\n\n\n\n<h3 class=\"wp-block-heading\">Cool Maps avec QGIS<\/h3>\n\n\n\n<p>Enfin, Marco Bernasocchi a conclu les pr\u00e9sentations avec une collection de cartes QGIS \u00e9tonnamment cr\u00e9atives, notamment des v\u0153ux de No\u00ebl, des statistiques sportives et la topologie de visages humains.<\/p>\n\n\n\n<h2 class=\"wp-block-heading\">Workshops<\/h2>\n\n\n\n<p>Suivant un d\u00e9licieux d\u00eener, y compris un savoureux buffet de fromages et des discussions fructueuses, les participants ont \u00e9t\u00e9 invit\u00e9s \u00e0 participer activement aux quatre ateliers de l&rsquo;apr\u00e8s-midi. Parmi d&rsquo;autres sujets int\u00e9ressants, les utilisateurs ont pu d\u00e9couvrir le travail avec QField et QFieldCloud ou se plonger dans le travail avec QGIS Model Baker et la validation des donn\u00e9es, le tout enseign\u00e9 par les experts et d\u00e9veloppeurs d&rsquo;OPENGIS.ch.<\/p>\n\n\n\n<p><\/p>\n\n\n\n<figure class=\"wp-block-gallery has-nested-images columns-default is-cropped wp-block-gallery-1 is-layout-flex wp-block-gallery-is-layout-flex\">\n<figure class=\"wp-block-image size-large\"><img data-recalc-dims=\"1\" loading=\"lazy\" decoding=\"async\" width=\"750\" height=\"560\" data-id=\"12922\" src=\"https:\/\/i0.wp.com\/www.opengis.ch\/wp-content\/uploads\/2022\/06\/P6153916.jpg?resize=750%2C560&#038;ssl=1\" alt=\"\" class=\"wp-image-12922\" srcset=\"https:\/\/i0.wp.com\/www.opengis.ch\/wp-content\/uploads\/2022\/06\/P6153916-scaled.jpg?resize=1024%2C764&amp;ssl=1 1024w, https:\/\/i0.wp.com\/www.opengis.ch\/wp-content\/uploads\/2022\/06\/P6153916-scaled.jpg?resize=300%2C224&amp;ssl=1 300w, https:\/\/i0.wp.com\/www.opengis.ch\/wp-content\/uploads\/2022\/06\/P6153916-scaled.jpg?resize=768%2C573&amp;ssl=1 768w, https:\/\/i0.wp.com\/www.opengis.ch\/wp-content\/uploads\/2022\/06\/P6153916-scaled.jpg?resize=354%2C264&amp;ssl=1 354w, https:\/\/i0.wp.com\/www.opengis.ch\/wp-content\/uploads\/2022\/06\/P6153916-scaled.jpg?resize=1536%2C1147&amp;ssl=1 1536w, https:\/\/i0.wp.com\/www.opengis.ch\/wp-content\/uploads\/2022\/06\/P6153916-scaled.jpg?resize=2048%2C1529&amp;ssl=1 2048w, https:\/\/i0.wp.com\/www.opengis.ch\/wp-content\/uploads\/2022\/06\/P6153916-scaled.jpg?w=2250&amp;ssl=1 2250w\" sizes=\"auto, (max-width: 750px) 100vw, 750px\" \/><figcaption>Apprendre<\/figcaption><\/figure>\n\n\n\n<figure class=\"wp-block-image size-large\"><img data-recalc-dims=\"1\" loading=\"lazy\" decoding=\"async\" width=\"750\" height=\"560\" data-id=\"12923\" src=\"https:\/\/i0.wp.com\/www.opengis.ch\/wp-content\/uploads\/2022\/06\/P6153946.jpg?resize=750%2C560&#038;ssl=1\" alt=\"\" class=\"wp-image-12923\" srcset=\"https:\/\/i0.wp.com\/www.opengis.ch\/wp-content\/uploads\/2022\/06\/P6153946-scaled.jpg?resize=1024%2C764&amp;ssl=1 1024w, https:\/\/i0.wp.com\/www.opengis.ch\/wp-content\/uploads\/2022\/06\/P6153946-scaled.jpg?resize=300%2C224&amp;ssl=1 300w, https:\/\/i0.wp.com\/www.opengis.ch\/wp-content\/uploads\/2022\/06\/P6153946-scaled.jpg?resize=768%2C573&amp;ssl=1 768w, https:\/\/i0.wp.com\/www.opengis.ch\/wp-content\/uploads\/2022\/06\/P6153946-scaled.jpg?resize=354%2C264&amp;ssl=1 354w, https:\/\/i0.wp.com\/www.opengis.ch\/wp-content\/uploads\/2022\/06\/P6153946-scaled.jpg?resize=1536%2C1147&amp;ssl=1 1536w, https:\/\/i0.wp.com\/www.opengis.ch\/wp-content\/uploads\/2022\/06\/P6153946-scaled.jpg?resize=2048%2C1529&amp;ssl=1 2048w, https:\/\/i0.wp.com\/www.opengis.ch\/wp-content\/uploads\/2022\/06\/P6153946-scaled.jpg?w=2250&amp;ssl=1 2250w\" sizes=\"auto, (max-width: 750px) 100vw, 750px\" \/><figcaption>Discuter<\/figcaption><\/figure>\n\n\n\n<figure class=\"wp-block-image size-large\"><img data-recalc-dims=\"1\" loading=\"lazy\" decoding=\"async\" width=\"750\" height=\"560\" data-id=\"12924\" src=\"https:\/\/i0.wp.com\/www.opengis.ch\/wp-content\/uploads\/2022\/06\/P6153911.jpg?resize=750%2C560&#038;ssl=1\" alt=\"\" class=\"wp-image-12924\" srcset=\"https:\/\/i0.wp.com\/www.opengis.ch\/wp-content\/uploads\/2022\/06\/P6153911-scaled.jpg?resize=1024%2C765&amp;ssl=1 1024w, https:\/\/i0.wp.com\/www.opengis.ch\/wp-content\/uploads\/2022\/06\/P6153911-scaled.jpg?resize=300%2C224&amp;ssl=1 300w, https:\/\/i0.wp.com\/www.opengis.ch\/wp-content\/uploads\/2022\/06\/P6153911-scaled.jpg?resize=768%2C573&amp;ssl=1 768w, https:\/\/i0.wp.com\/www.opengis.ch\/wp-content\/uploads\/2022\/06\/P6153911-scaled.jpg?resize=354%2C264&amp;ssl=1 354w, https:\/\/i0.wp.com\/www.opengis.ch\/wp-content\/uploads\/2022\/06\/P6153911-scaled.jpg?resize=1536%2C1147&amp;ssl=1 1536w, https:\/\/i0.wp.com\/www.opengis.ch\/wp-content\/uploads\/2022\/06\/P6153911-scaled.jpg?resize=2048%2C1529&amp;ssl=1 2048w, https:\/\/i0.wp.com\/www.opengis.ch\/wp-content\/uploads\/2022\/06\/P6153911-scaled.jpg?w=2250&amp;ssl=1 2250w\" sizes=\"auto, (max-width: 750px) 100vw, 750px\" \/><figcaption>Pr\u00e9senter<\/figcaption><\/figure>\n\n\n\n<figure class=\"wp-block-image size-large\"><img data-recalc-dims=\"1\" loading=\"lazy\" decoding=\"async\" width=\"750\" height=\"560\" data-id=\"12921\" src=\"https:\/\/i0.wp.com\/www.opengis.ch\/wp-content\/uploads\/2022\/06\/P6153928.jpg?resize=750%2C560&#038;ssl=1\" alt=\"\" class=\"wp-image-12921\" srcset=\"https:\/\/i0.wp.com\/www.opengis.ch\/wp-content\/uploads\/2022\/06\/P6153928-scaled.jpg?resize=1024%2C764&amp;ssl=1 1024w, https:\/\/i0.wp.com\/www.opengis.ch\/wp-content\/uploads\/2022\/06\/P6153928-scaled.jpg?resize=300%2C224&amp;ssl=1 300w, https:\/\/i0.wp.com\/www.opengis.ch\/wp-content\/uploads\/2022\/06\/P6153928-scaled.jpg?resize=768%2C573&amp;ssl=1 768w, https:\/\/i0.wp.com\/www.opengis.ch\/wp-content\/uploads\/2022\/06\/P6153928-scaled.jpg?resize=354%2C264&amp;ssl=1 354w, https:\/\/i0.wp.com\/www.opengis.ch\/wp-content\/uploads\/2022\/06\/P6153928-scaled.jpg?resize=1536%2C1147&amp;ssl=1 1536w, https:\/\/i0.wp.com\/www.opengis.ch\/wp-content\/uploads\/2022\/06\/P6153928-scaled.jpg?resize=2048%2C1529&amp;ssl=1 2048w, https:\/\/i0.wp.com\/www.opengis.ch\/wp-content\/uploads\/2022\/06\/P6153928-scaled.jpg?w=2250&amp;ssl=1 2250w\" sizes=\"auto, (max-width: 750px) 100vw, 750px\" \/><figcaption>SE RENCONTRER<\/figcaption><\/figure>\n<\/figure>\n","protected":false},"excerpt":{"rendered":"<p>What a blast it was!<br \/>\nThe first QField user day in Bern with around 40 participants from Switzerland and neighbouring countries was packed with use case presentations and interesting discussions.<\/p>\n","protected":false},"author":32,"featured_media":0,"comment_status":"open","ping_status":"open","sticky":false,"template":"","format":"standard","meta":{"_themeisle_gutenberg_block_has_review":false,"jetpack_post_was_ever_published":false,"_jetpack_newsletter_access":"","_jetpack_dont_email_post_to_subs":false,"_jetpack_newsletter_tier_id":0,"_jetpack_memberships_contains_paywalled_content":false,"_jetpack_memberships_contains_paid_content":false,"footnotes":""},"categories":[185,114,115],"tags":[169],"class_list":["post-13136","post","type-post","status-publish","format-standard","hentry","category-events-fr","category-qfield-fr","category-qgis-fr","tag-qgis-org-fr"],"jetpack_featured_media_url":"","jetpack-related-posts":[{"id":12929,"url":"https:\/\/www.opengis.ch\/fr\/2022\/06\/27\/rencontre-des-utilisateurs-qgis-berne-2022-2\/","url_meta":{"origin":13136,"position":0},"title":"Rencontre des utilisateurs QGIS Berne 2022","author":"Fabian Binder","date":"27 juin 2022","format":false,"excerpt":"What a blast it was! The first QField user day in Bern with around 40 participants from Switzerland and neighbouring countries was packed with use case presentations and interesting discussions.","rel":"","context":"Dans &quot;Events&quot;","block_context":{"text":"Events","link":"https:\/\/www.opengis.ch\/fr\/category\/events-fr\/"},"img":{"alt_text":"","src":"https:\/\/i0.wp.com\/www.opengis.ch\/wp-content\/uploads\/2022\/06\/P6153915-scaled.jpg?fit=1200%2C896&ssl=1&resize=350%2C200","width":350,"height":200,"srcset":"https:\/\/i0.wp.com\/www.opengis.ch\/wp-content\/uploads\/2022\/06\/P6153915-scaled.jpg?fit=1200%2C896&ssl=1&resize=350%2C200 1x, https:\/\/i0.wp.com\/www.opengis.ch\/wp-content\/uploads\/2022\/06\/P6153915-scaled.jpg?fit=1200%2C896&ssl=1&resize=525%2C300 1.5x, https:\/\/i0.wp.com\/www.opengis.ch\/wp-content\/uploads\/2022\/06\/P6153915-scaled.jpg?fit=1200%2C896&ssl=1&resize=700%2C400 2x, https:\/\/i0.wp.com\/www.opengis.ch\/wp-content\/uploads\/2022\/06\/P6153915-scaled.jpg?fit=1200%2C896&ssl=1&resize=1050%2C600 3x"},"classes":[]},{"id":14587,"url":"https:\/\/www.opengis.ch\/fr\/2024\/06\/20\/journee-des-utilisateurs-qgis-suisse-2024-du-point-de-vue-dopengis-ch\/","url_meta":{"origin":13136,"position":1},"title":"Journ\u00e9e des utilisateurs QGIS Suisse 2024 &#8211; du point de vue d\u2019OPENGIS.ch","author":"isabel","date":"20 juin 2024","format":false,"excerpt":"Ravis d'avoir partag\u00e9 notre passion pour #QGIS lors du Swiss User Day ! \ud83c\udf10 De la pr\u00e9sentation des am\u00e9liorations DXF \u00e0 la pr\u00e9sentation de projets comme @foenCH SAM & #Kablo, nous sommes fiers d'\u00eatre le principal moteur d'innovation de la communaut\u00e9 suisse QGIS. Un grand merci \u00e0 tous ceux qui\u2026","rel":"","context":"Dans &quot;Events&quot;","block_context":{"text":"Events","link":"https:\/\/www.opengis.ch\/fr\/category\/events-fr\/"},"img":{"alt_text":"","src":"https:\/\/i0.wp.com\/www.opengis.ch\/wp-content\/uploads\/2024\/06\/1000050805.jpg?fit=1200%2C900&ssl=1&resize=350%2C200","width":350,"height":200,"srcset":"https:\/\/i0.wp.com\/www.opengis.ch\/wp-content\/uploads\/2024\/06\/1000050805.jpg?fit=1200%2C900&ssl=1&resize=350%2C200 1x, https:\/\/i0.wp.com\/www.opengis.ch\/wp-content\/uploads\/2024\/06\/1000050805.jpg?fit=1200%2C900&ssl=1&resize=525%2C300 1.5x, https:\/\/i0.wp.com\/www.opengis.ch\/wp-content\/uploads\/2024\/06\/1000050805.jpg?fit=1200%2C900&ssl=1&resize=700%2C400 2x, https:\/\/i0.wp.com\/www.opengis.ch\/wp-content\/uploads\/2024\/06\/1000050805.jpg?fit=1200%2C900&ssl=1&resize=1050%2C600 3x"},"classes":[]},{"id":10658,"url":"https:\/\/www.opengis.ch\/fr\/2020\/04\/14\/amelioration-du-gestionnaire-dextensions\/","url_meta":{"origin":13136,"position":2},"title":"Am\u00e9lioration du gestionnaire d&rsquo;extensions","author":"Olivier","date":"14 avril 2020","format":false,"excerpt":"Lors de l'assembl\u00e9e g\u00e9n\u00e9rale de 2020, le groupe d'utilisateurs QGIS Suisse a accept\u00e9 la proposition d'am\u00e9lioration du gestionnaire d'extensions. Ainsi, dans la version 3.14, il sera possible d'installer au choix la version stable ou exp\u00e9rimentale d'un plugin. Cette fonctionnalit\u00e9 permettra d'am\u00e9liorer la collaboration entre les d\u00e9veloppeurs et les utilisateurs d'un\u2026","rel":"","context":"Dans &quot;QGIS&quot;","block_context":{"text":"QGIS","link":"https:\/\/www.opengis.ch\/fr\/category\/gis-fr\/qgis-fr\/"},"img":{"alt_text":"","src":"https:\/\/i0.wp.com\/www.opengis.ch\/wp-content\/uploads\/2020\/04\/qgis-plugin-manager-1.png?fit=952%2C519&ssl=1&resize=350%2C200","width":350,"height":200,"srcset":"https:\/\/i0.wp.com\/www.opengis.ch\/wp-content\/uploads\/2020\/04\/qgis-plugin-manager-1.png?fit=952%2C519&ssl=1&resize=350%2C200 1x, https:\/\/i0.wp.com\/www.opengis.ch\/wp-content\/uploads\/2020\/04\/qgis-plugin-manager-1.png?fit=952%2C519&ssl=1&resize=525%2C300 1.5x, https:\/\/i0.wp.com\/www.opengis.ch\/wp-content\/uploads\/2020\/04\/qgis-plugin-manager-1.png?fit=952%2C519&ssl=1&resize=700%2C400 2x"},"classes":[]},{"id":13792,"url":"https:\/\/www.opengis.ch\/fr\/2023\/06\/20\/prise-en-charge-de-wmts-dans-le-plugin-de-localisation-suisse-de-qgis\/","url_meta":{"origin":13136,"position":3},"title":"Prise en charge de WMTS dans le plugin de localisation suisse de QGIS","author":"Matthias Kuhn","date":"20 juin 2023","format":false,"excerpt":"Le plugin QGIS Swiss Locator facilite la vie de nombreux utilisateurs en Suisse en rendant accessibles les nombreuses g\u00e9odonn\u00e9es de swisstopo et opendata.swiss. Cela inclut un large \u00e9ventail de couches de donn\u00e9es, mais \u00e9galement des informations sur les objets et une recherche de noms de lieux. Gr\u00e2ce \u00e0 un projet\u2026","rel":"","context":"Dans &quot;QGIS&quot;","block_context":{"text":"QGIS","link":"https:\/\/www.opengis.ch\/fr\/category\/gis-fr\/qgis-fr\/"},"img":{"alt_text":"","src":"https:\/\/i0.wp.com\/www.opengis.ch\/wp-content\/uploads\/2023\/06\/unnamed.png?fit=512%2C341&ssl=1&resize=350%2C200","width":350,"height":200},"classes":[]},{"id":15708,"url":"https:\/\/www.opengis.ch\/fr\/2023\/03\/06\/le-modeleur-qgis\/","url_meta":{"origin":13136,"position":4},"title":"Le modeleur QGIS","author":"Marco Bernasocchi","date":"6 mars 2023","format":false,"excerpt":"Avec la mod\u00e9lisation graphique dans QGIS, il est possible de combiner plusieurs outils QGIS dans une cha\u00eene logique. Gr\u00e2ce \u00e0 la conception visuelle, les utilisatrices et utilisateurs peuvent automatiser des processus dans QGIS sans connaissances en programmation. Les workflows r\u00e9currents peuvent ainsi \u00eatre ex\u00e9cut\u00e9s et reproduits efficacement. Dans ce cours,\u2026","rel":"","context":"Dans &quot;Cours QGIS&quot;","block_context":{"text":"Cours QGIS","link":"https:\/\/www.opengis.ch\/fr\/category\/cours\/cours-qgis\/"},"img":{"alt_text":"","src":"https:\/\/i0.wp.com\/www.opengis.ch\/wp-content\/uploads\/2023\/03\/models_model.png?fit=783%2C583&ssl=1&resize=350%2C200","width":350,"height":200,"srcset":"https:\/\/i0.wp.com\/www.opengis.ch\/wp-content\/uploads\/2023\/03\/models_model.png?fit=783%2C583&ssl=1&resize=350%2C200 1x, https:\/\/i0.wp.com\/www.opengis.ch\/wp-content\/uploads\/2023\/03\/models_model.png?fit=783%2C583&ssl=1&resize=525%2C300 1.5x, https:\/\/i0.wp.com\/www.opengis.ch\/wp-content\/uploads\/2023\/03\/models_model.png?fit=783%2C583&ssl=1&resize=700%2C400 2x"},"classes":[]},{"id":14010,"url":"https:\/\/www.opengis.ch\/fr\/2023\/10\/31\/erweiterte-interlis-modelle-in-qgis\/","url_meta":{"origin":13136,"position":5},"title":"Les mod\u00e8les INTERLIS \u00e9tendus dans QGIS","author":"Dave Signer","date":"31 octobre 2023","format":false,"excerpt":"Le lancement de QGIS Model Baker Release 7.6 est arriv\u00e9 et apporte plusieurs fonctionnalit\u00e9s utiles qui rendront votre travail avec les mod\u00e8les de donn\u00e9es INTERLIS dans QGIS encore plus efficace. L'une de ces fonctionnalit\u00e9s concerne la gestion des mod\u00e8les INTERLIS avanc\u00e9s, qui pouvait \u00eatre assez fastidieuse jusqu'\u00e0 pr\u00e9sent. Mais ce\u2026","rel":"","context":"Dans &quot;GIS&quot;","block_context":{"text":"GIS","link":"https:\/\/www.opengis.ch\/fr\/category\/gis-fr\/"},"img":{"alt_text":"","src":"https:\/\/i0.wp.com\/www.opengis.ch\/wp-content\/uploads\/2023\/10\/278836121-f1c45599-4eea-4d1f-8248-1d830f305202.png?fit=1099%2C299&ssl=1&resize=350%2C200","width":350,"height":200,"srcset":"https:\/\/i0.wp.com\/www.opengis.ch\/wp-content\/uploads\/2023\/10\/278836121-f1c45599-4eea-4d1f-8248-1d830f305202.png?fit=1099%2C299&ssl=1&resize=350%2C200 1x, https:\/\/i0.wp.com\/www.opengis.ch\/wp-content\/uploads\/2023\/10\/278836121-f1c45599-4eea-4d1f-8248-1d830f305202.png?fit=1099%2C299&ssl=1&resize=525%2C300 1.5x, https:\/\/i0.wp.com\/www.opengis.ch\/wp-content\/uploads\/2023\/10\/278836121-f1c45599-4eea-4d1f-8248-1d830f305202.png?fit=1099%2C299&ssl=1&resize=700%2C400 2x, https:\/\/i0.wp.com\/www.opengis.ch\/wp-content\/uploads\/2023\/10\/278836121-f1c45599-4eea-4d1f-8248-1d830f305202.png?fit=1099%2C299&ssl=1&resize=1050%2C600 3x"},"classes":[]}],"jetpack_shortlink":"https:\/\/wp.me\/pbdBtI-3pS","jetpack_sharing_enabled":true,"_links":{"self":[{"href":"https:\/\/www.opengis.ch\/fr\/wp-json\/wp\/v2\/posts\/13136","targetHints":{"allow":["GET"]}}],"collection":[{"href":"https:\/\/www.opengis.ch\/fr\/wp-json\/wp\/v2\/posts"}],"about":[{"href":"https:\/\/www.opengis.ch\/fr\/wp-json\/wp\/v2\/types\/post"}],"author":[{"embeddable":true,"href":"https:\/\/www.opengis.ch\/fr\/wp-json\/wp\/v2\/users\/32"}],"replies":[{"embeddable":true,"href":"https:\/\/www.opengis.ch\/fr\/wp-json\/wp\/v2\/comments?post=13136"}],"version-history":[{"count":1,"href":"https:\/\/www.opengis.ch\/fr\/wp-json\/wp\/v2\/posts\/13136\/revisions"}],"predecessor-version":[{"id":14941,"href":"https:\/\/www.opengis.ch\/fr\/wp-json\/wp\/v2\/posts\/13136\/revisions\/14941"}],"wp:attachment":[{"href":"https:\/\/www.opengis.ch\/fr\/wp-json\/wp\/v2\/media?parent=13136"}],"wp:term":[{"taxonomy":"category","embeddable":true,"href":"https:\/\/www.opengis.ch\/fr\/wp-json\/wp\/v2\/categories?post=13136"},{"taxonomy":"post_tag","embeddable":true,"href":"https:\/\/www.opengis.ch\/fr\/wp-json\/wp\/v2\/tags?post=13136"}],"curies":[{"name":"wp","href":"https:\/\/api.w.org\/{rel}","templated":true}]}}