{"id":14556,"date":"2024-06-20T06:41:00","date_gmt":"2024-06-20T04:41:00","guid":{"rendered":"https:\/\/www.opengis.ch\/?p=14556"},"modified":"2024-06-20T16:12:47","modified_gmt":"2024-06-20T14:12:47","slug":"qgis-anwendertag-schweiz-2024-ein-bericht-aus-sicht-opengis-ch","status":"publish","type":"post","link":"https:\/\/www.opengis.ch\/de\/2024\/06\/20\/qgis-anwendertag-schweiz-2024-ein-bericht-aus-sicht-opengis-ch\/","title":{"rendered":"QGIS Anwendertreffen Schweiz 2024 &#8211; ein Bericht aus Sicht OPENGIS.ch"},"content":{"rendered":"\n<p>W\u00e4hrend der Pandemie bemerkte man, wie effizient man eigentlich remote kann, wie produktiv Meetings per Videocall sein k\u00f6nnen und wie gut Webinare funktionieren. F\u00fcr uns bei OPENGIS.ch war das nichts Neues, da wir schon immer 100% remote gearbeitet haben. Aber was wir w\u00e4hrend dieser Zeit wirklich vermisst haben, waren die unplanm\u00e4ssigen, pers\u00f6nlichen Interaktionen bei einer Kaffeepause, auf dem Weg zur Toilette oder beim Feierabendbier in der Sonne. Deshalb freuten wir uns sehr, dass das QGIS Anwendertreffen letzte Woche nun schon zum zweiten Mal seither stattgefunden hat.<\/p>\n\n\n\n<p>OPENGIS.ch ist seit der Entstehung von QGIS dabei. Eigentlich sogar schon davor; unser CEO Marco begann 2004 mit QGIS 0.6 zu arbeiten und unser CTO Matthias mit Version 1.7 im Jahr 2012. Und seit 2019 sind wir Weltweit die Firma mit den meisten QGIS Core Committer. Wir k\u00f6nnen definitiv sagen, dass OPENGIS.ch eine der treibenden Kr\u00e4fte hinter der grossen Verbreitung von QGIS in der Schweiz und weltweit war.<\/p>\n\n\n\n<figure class=\"wp-block-image size-large is-resized is-style-default\"><img data-recalc-dims=\"1\" loading=\"lazy\" decoding=\"async\" width=\"750\" height=\"422\" src=\"https:\/\/i0.wp.com\/www.opengis.ch\/wp-content\/uploads\/2024\/06\/contrib.png?resize=750%2C422&#038;ssl=1\" alt=\"\" class=\"wp-image-14568\" style=\"width:840px;height:auto\" srcset=\"https:\/\/i0.wp.com\/www.opengis.ch\/wp-content\/uploads\/2024\/06\/contrib.png?resize=1024%2C576&amp;ssl=1 1024w, https:\/\/i0.wp.com\/www.opengis.ch\/wp-content\/uploads\/2024\/06\/contrib.png?resize=300%2C169&amp;ssl=1 300w, https:\/\/i0.wp.com\/www.opengis.ch\/wp-content\/uploads\/2024\/06\/contrib.png?resize=768%2C432&amp;ssl=1 768w, https:\/\/i0.wp.com\/www.opengis.ch\/wp-content\/uploads\/2024\/06\/contrib.png?w=1411&amp;ssl=1 1411w\" sizes=\"auto, (max-width: 750px) 100vw, 750px\" \/><figcaption class=\"wp-element-caption\">Beitr\u00e4ge zum QGIS-Kern, gemessen in Commit-Zahlen<\/figcaption><\/figure>\n\n\n\n<p>Wenn man sich die Arbeit im QGIS-Code ansieht, sind wir bei weitem das produktivste Unternehmen in der Schweiz und stehen weltweit nach North Road Consulting an zweiter Stelle. Dar\u00fcber hinaus waren wir das erste &#8211; und immer noch eines von nur zwei &#8211; Unternehmen, das QGIS.org seit 2021 als<a href=\"https:\/\/qgis.org\/de\/site\/about\/sustaining_members.html\" target=\"_blank\" rel=\"noreferrer noopener\"> large sustaining member unterst\u00fctzt<\/a>.<\/p>\n\n\n\n<p>Das macht uns sehr stolz und deshalb freuen wir uns umso mehr zu sehen, wie viel rund um QGIS in der Schweiz passiert und wie sehr es mit den Visionen und Zielen \u00fcbereinstimmt, die wir uns vor Jahren gesetzt haben.<\/p>\n\n\n\n<p>Nun zum Anwendertreffen: Der Morgen begann mit einer Pr\u00e4sentation unseres CTO Matthias \u201eNeues aus der QGIS Welt\u201c, die auch viele von der Anwendergruppe Schweiz gesponserte Arbeiten vorstellte.<\/p>\n\n\n\n<figure class=\"wp-block-image size-large\"><img data-recalc-dims=\"1\" loading=\"lazy\" decoding=\"async\" width=\"750\" height=\"563\" src=\"https:\/\/i0.wp.com\/www.opengis.ch\/wp-content\/uploads\/2024\/06\/IMG_20240611_085925.jpg?resize=750%2C563&#038;ssl=1\" alt=\"\" class=\"wp-image-14562\" srcset=\"https:\/\/i0.wp.com\/www.opengis.ch\/wp-content\/uploads\/2024\/06\/IMG_20240611_085925.jpg?resize=1024%2C768&amp;ssl=1 1024w, https:\/\/i0.wp.com\/www.opengis.ch\/wp-content\/uploads\/2024\/06\/IMG_20240611_085925.jpg?resize=300%2C225&amp;ssl=1 300w, https:\/\/i0.wp.com\/www.opengis.ch\/wp-content\/uploads\/2024\/06\/IMG_20240611_085925.jpg?resize=768%2C576&amp;ssl=1 768w, https:\/\/i0.wp.com\/www.opengis.ch\/wp-content\/uploads\/2024\/06\/IMG_20240611_085925.jpg?resize=1536%2C1152&amp;ssl=1 1536w, https:\/\/i0.wp.com\/www.opengis.ch\/wp-content\/uploads\/2024\/06\/IMG_20240611_085925.jpg?w=1600&amp;ssl=1 1600w\" sizes=\"auto, (max-width: 750px) 100vw, 750px\" \/><figcaption class=\"wp-element-caption\">Unser CTO Matthias beantwortet QGIS-Fragen<\/figcaption><\/figure>\n\n\n\n<p>Verbesserungen bei DXF, die Ver\u00f6ffentlichung von SwissLocator 3.0 mit swissalti3d und Vector-Tiles-Integration sowie ein Update zu den Fortschritten bei der Handhabung von Kreisb\u00f6gen \u2013 eine Voraussetzung f\u00fcr die saubere Handhabung von AV-Daten in der Schweiz \u2013 waren nur einige der Highlights.<\/p>\n\n\n\n<p>Der geheime Star von Matthias&#8216; Pr\u00e4sentation war die bessere Unterst\u00fctzung von OGC API Features in QGIS, die auch in einem nachfolgenden Vortrag \u00fcber Kablo hervorgehoben wurde, in dem gezeigt wurde, wie die n\u00e4chste Generation von Fachschalen umgesetzt wird.<\/p>\n\n\n\n<pre class=\"wp-block-code\"><code>Slides: <a href=\"https:\/\/docs.google.com\/presentation\/d\/1ITN71d_Otv3e0DH63Muod9kpdE1FMd-wRmSPUVO-1Yg\/edit?usp=sharing\" target=\"_blank\" rel=\"noreferrer noopener\">Neues aus der QGIS Welt - QGIS Anwendertag 2024<\/a><\/code><\/pre>\n\n\n\n<p>Es folgte eine kurze Pr\u00e4sentation zum Projekt DMAV, vorgestellt durch Christoph Lauber. Dieses setzt es sich zum Ziel, eine Fachschale f\u00fcr die amtliche Vermessung mit QGIS zu implementieren.<\/p>\n\n\n\n<p>Adrian Wicki vom Bundesamt f\u00fcr Umwelt (BAFU) und Isabel pr\u00e4sentierten, wie wir und unsere Partner Puzzle und Zeilenwerk dem BAFU mit dem SAM-Projekt helfen, die Gefahren von Hochwasser, Waldbrand oder Erdrutschen zu bewerten und sowohl Beh\u00f6rden als auch Bev\u00f6lkerung zu warnen. Mit einer agilen Organisation gelingt es dem komplexen Projekt, die Anforderungen durch die Anwendung nutzerzentrierter Entwicklungsmethoden effizient umzusetzen. QGIS wird zur Visualisierung und Analyse von Daten verwendet und hilft den Prognostikern, Einblicke in die aktuelle Situation zu gewinnen.<\/p>\n\n\n\n<pre class=\"wp-block-code\"><code>Slides: <a href=\"https:\/\/docs.google.com\/presentation\/d\/18bGeUzrVw7g58VxKrdLuAhTVt-BEYMpTvIDVTp4ZMJY\/edit?usp=sharing\" target=\"_blank\" rel=\"noreferrer noopener\">BAFU_SAM<\/a><\/code><\/pre>\n\n\n\n<p>Andreas Neumann von der ETH Z\u00fcrich und Michael stellten der Schweizer QGIS-Anwendergruppe das <a href=\"https:\/\/github.com\/qgis\/qgis-js\" data-type=\"link\" data-id=\"https:\/\/github.com\/qgis\/qgis-js\" target=\"_blank\" rel=\"noreferrer noopener\">qgis-js-Projekt<\/a> vor. qgis-js portiert den QGIS-Kern auf WebAssembly und kann damit direkt in einem Webbrowser ausgef\u00fchrt werden kann. Obwohl das Projekt noch in Kinderschuhen steckt, hat es grosses Potenzial, interessante neue Anwendungsf\u00e4lle zu erm\u00f6glichen, die vorher undenkbar waren.<\/p>\n\n\n\n<pre class=\"wp-block-code\"><code>Slides: <a href=\"https:\/\/boardend.github.io\/qgis-js-demo\/\">https:\/\/boardend.github.io\/qgis-js-demo\/<\/a>&nbsp;<\/code><\/pre>\n\n\n\n<p>Olivier Monod von der Stadt Yverdon stellte <a href=\"https:\/\/kablo.ch\/\" target=\"_blank\" rel=\"noreferrer noopener\">Kablo<\/a> vor. Kablo ist ein Proof of Concept f\u00fcr das Management von Elektrizit\u00e4tsinfrastruktur, das in Zusammenarbeit mit uns entwickelt wurde. Durch die Anwendung einer Middleware, die auf OGC API Features und Django basiert, zeigt Kablo, wie die \u00fcblichen Einschr\u00e4nkungen der aktuellen Fachschalen (wie Berechtigungsmanagement und atomare Operationen) \u00fcberwunden werden k\u00f6nnen und wie die Zukunft Desktop und Web n\u00e4her zusammenbringt.<\/p>\n\n\n\n<pre class=\"wp-block-code\"><code>Slides: <a href=\"https:\/\/docs.google.com\/presentation\/d\/1PQx48mr33cJcppWhoswofSj0zxGpHmncsjj24OtUCtI\/edit?usp=sharing\" target=\"_blank\" rel=\"noreferrer noopener\">kablo-qgis-user-days<\/a><\/code><\/pre>\n\n\n\n<p>Nat\u00fcrlich war nicht nur die Beitr\u00e4ge von OPENGIS.ch spannend. Sandro Mani von Sourcepole pr\u00e4sentierte die letzten Verbesserungen an <a href=\"https:\/\/github.com\/qgis\/qwc2\" target=\"_blank\" rel=\"noreferrer noopener\">QWC2<\/a>, wie die Integration von Street View und coolen QGIS-Funktionen, die in diesem wundersch\u00f6nen Web-GIS integriert wurden. Andreas Schmid vom Kanton Solothurn stellte vor, wie praktisch cloudoptimierte GeoTIFFs (COG) sind und welche Herausforderungen in einer Infrastruktur damit verbunden sein k\u00f6nnen. Interessiert an dem Thema? Lies mehr in unserem <a href=\"https:\/\/www.opengis.ch\/de\/2024\/04\/09\/cloud-optimized-geospatial-formats\/\" target=\"_blank\" rel=\"noreferrer noopener\">Bericht zu cloudoptimierten Formaten<\/a>. Mattia Panduri vom Kanton Tessin erkl\u00e4rte, wie sie QGIS genutzt haben, um die kantonalen Geb\u00e4udedaten zu harmonisieren. Und Timoth\u00e9e Produit von IG Group SA pr\u00e4sentierte, wie pic2map hilft, Fotos in 3D auf Karten zu bringen.<\/p>\n\n\n\n<p>Um den Vormittag abzurunden, machte Nyall Dawson von North Road Consulting eine Live-Session vom anderen Ende der Welt, um die neuesten Entwicklungen zur H\u00f6henfilterung in QGIS zu zeigen.<\/p>\n\n\n\n<p>Am Nachmittag folgten Workshops. Claas Leiner leitete einen Workshop zu Ausdr\u00fccken in QGIS, w\u00e4hrend Matthias und Michael zeigten, wie man die QGIS-Verarbeitung f\u00fcr den Aufbau geospatialer Datenverarbeitungs-Workflows nutzen kann.<\/p>\n\n\n\n<p>Im dritten Raum fand das erste <a href=\"https:\/\/modelbaker.ch\" target=\"_blank\" rel=\"noreferrer noopener\">QGIS Model Baker<\/a> Anwendertreffen statt, bei dem dieses fantastische Werkzeug diskutiert wurde, welches wir seit Jahren entwickeln, um alles aus INTERLIS herauszuholen und zu helfen, angenehm und effizient damit zu arbeiten.<\/p>\n\n\n\n<figure class=\"wp-block-image size-large\"><img data-recalc-dims=\"1\" loading=\"lazy\" decoding=\"async\" width=\"750\" height=\"563\" src=\"https:\/\/i0.wp.com\/www.opengis.ch\/wp-content\/uploads\/2024\/06\/1000050805.jpg?resize=750%2C563&#038;ssl=1\" alt=\"\" class=\"wp-image-14559\" srcset=\"https:\/\/i0.wp.com\/www.opengis.ch\/wp-content\/uploads\/2024\/06\/1000050805.jpg?resize=1024%2C768&amp;ssl=1 1024w, https:\/\/i0.wp.com\/www.opengis.ch\/wp-content\/uploads\/2024\/06\/1000050805.jpg?resize=300%2C225&amp;ssl=1 300w, https:\/\/i0.wp.com\/www.opengis.ch\/wp-content\/uploads\/2024\/06\/1000050805.jpg?resize=768%2C576&amp;ssl=1 768w, https:\/\/i0.wp.com\/www.opengis.ch\/wp-content\/uploads\/2024\/06\/1000050805.jpg?resize=1536%2C1152&amp;ssl=1 1536w, https:\/\/i0.wp.com\/www.opengis.ch\/wp-content\/uploads\/2024\/06\/1000050805.jpg?w=1600&amp;ssl=1 1600w\" sizes=\"auto, (max-width: 750px) 100vw, 750px\" \/><figcaption class=\"wp-element-caption\">Erstes QGIS Model Baker Anwendertreffen<\/figcaption><\/figure>\n\n\n\n<p>Es war wirklich ein sehr reichhaltiges und konstruktives QGIS-Anwendertreffen. Wir kamen mit vielen neuen Ideen und einem Gef\u00fchl der Erf\u00fcllung nach Hause. Wir sahen, wie grossartig die Community geworden ist, die wir beim Wachsen miterlebt und unterst\u00fctzt haben.<\/p>\n\n\n\n<p>Ein riesiger Dank geht an die Organisatoren und alle Beteiligten, die eine so grossartige Veranstaltung m\u00f6glich gemacht haben. Nur das Bier in der Sonne fiel buchst\u00e4blich ins Wasser. Trotzdem gab es noch spannende Diskussionen im Bahnhofs-Bistro oder in den Speisewagen auf dem Nachhauseweg.<\/p>\n\n\n\n<p>Bis zum n\u00e4chsten Mal, und bis dahin helft weiterhin mit, QGIS und seine Community besser zu machen.<\/p>\n\n\n\n<p>Wir danken allen, welche mit uns \u00fcber die Jahre Visionen geformt haben. Gemeinsam machen wir auch aus den n\u00e4chsten Jahren das Beste \ud83d\ude42<\/p>\n","protected":false},"excerpt":{"rendered":"<p>Wir freuen uns, unsere Leidenschaft f\u00fcr #QGIS am Schweizer Anwendertreffen zu teilen!<br \/>\nMit der Pr\u00e4sentation von #DXF-Verbesserungen, dem SwissLocator 3.0 mit swissalti3d und Vector-Tiles-Integration, \u00fcber Fortschritten bei der Handhabung von Kreisb\u00f6gen und Next Generation Fachschalen bis zu Projekten wie Federal Office for the Environment FOEN SAM und #Kablo sind wir stolz darauf, der wichtigste Innovationstreiber in der Schweizer QGIS-Community zu sein.<br \/>\nVielen Dank an alle, die mitgemacht und beigetragen haben! \ud83d\ude80\ud83d\uddfa\ufe0f<\/p>\n","protected":false},"author":2,"featured_media":14559,"comment_status":"open","ping_status":"open","sticky":false,"template":"","format":"standard","meta":{"_themeisle_gutenberg_block_has_review":false,"jetpack_post_was_ever_published":false,"_jetpack_newsletter_access":"","_jetpack_dont_email_post_to_subs":true,"_jetpack_newsletter_tier_id":0,"_jetpack_memberships_contains_paywalled_content":false,"_jetpack_memberships_contains_paid_content":false,"footnotes":""},"categories":[183,235,236,198],"tags":[184],"class_list":["post-14556","post","type-post","status-publish","format-standard","has-post-thumbnail","hentry","category-events-de","category-interlis-de","category-processing-de","category-qgis-de","tag-qgis-org-de"],"jetpack_featured_media_url":"https:\/\/i0.wp.com\/www.opengis.ch\/wp-content\/uploads\/2024\/06\/1000050805.jpg?fit=1600%2C1200&ssl=1","jetpack-related-posts":[{"id":15534,"url":"https:\/\/www.opengis.ch\/2025\/05\/07\/crowdfunding-kreisbogen-in-qgis\/","url_meta":{"origin":14556,"position":0},"title":"Crowdfunding: Kreisb\u00f6gen in QGIS","author":"Anja Ottiger","date":"7. Mai 2025","format":false,"excerpt":"Warum sie wichtig sind und wie du helfen kannst. In der Welt der Geodatenverarbeitung sind Kreisb\u00f6gen (engl. circular arcs) ein h\u00e4ufig \u00fcbersehenes, aber enorm wichtiges Element. In QGIS, der f\u00fchrenden Open-Source-GIS-Anwendungen, sind sie bislang nur eingeschr\u00e4nkt unterst\u00fctzt \u2013 und genau das wollen wir \u00e4ndern. Was sind Kreisb\u00f6gen \u2013 und warum\u2026","rel":"","context":"In &quot;QGIS&quot;","block_context":{"text":"QGIS","link":"https:\/\/www.opengis.ch\/de\/category\/gis\/qgis\/"},"img":{"alt_text":"","src":"https:\/\/i0.wp.com\/www.opengis.ch\/wp-content\/uploads\/2025\/05\/pb.png?fit=1200%2C858&ssl=1&resize=350%2C200","width":350,"height":200,"srcset":"https:\/\/i0.wp.com\/www.opengis.ch\/wp-content\/uploads\/2025\/05\/pb.png?fit=1200%2C858&ssl=1&resize=350%2C200 1x, https:\/\/i0.wp.com\/www.opengis.ch\/wp-content\/uploads\/2025\/05\/pb.png?fit=1200%2C858&ssl=1&resize=525%2C300 1.5x, https:\/\/i0.wp.com\/www.opengis.ch\/wp-content\/uploads\/2025\/05\/pb.png?fit=1200%2C858&ssl=1&resize=700%2C400 2x, https:\/\/i0.wp.com\/www.opengis.ch\/wp-content\/uploads\/2025\/05\/pb.png?fit=1200%2C858&ssl=1&resize=1050%2C600 3x"},"classes":[]},{"id":15512,"url":"https:\/\/www.opengis.ch\/de\/2025\/05\/07\/crowdfunding-kreisboegen-in-qgis\/","url_meta":{"origin":14556,"position":1},"title":"Crowdfunding: Kreisb\u00f6gen in QGIS","author":"Anja Ottiger","date":"7. Mai 2025","format":false,"excerpt":"Warum sie wichtig sind und wie du helfen kannst. In der Welt der Geodatenverarbeitung sind Kreisb\u00f6gen (engl. circular arcs) ein h\u00e4ufig \u00fcbersehenes, aber enorm wichtiges Element. In QGIS, der f\u00fchrenden Open-Source-GIS-Anwendungen, sind sie bislang nur eingeschr\u00e4nkt unterst\u00fctzt \u2013 und genau das wollen wir \u00e4ndern. Was sind Kreisb\u00f6gen \u2013 und warum\u2026","rel":"","context":"In &quot;QGIS&quot;","block_context":{"text":"QGIS","link":"https:\/\/www.opengis.ch\/de\/category\/qgis-de\/"},"img":{"alt_text":"","src":"https:\/\/i0.wp.com\/www.opengis.ch\/wp-content\/uploads\/2025\/05\/pb.png?fit=1200%2C858&ssl=1&resize=350%2C200","width":350,"height":200,"srcset":"https:\/\/i0.wp.com\/www.opengis.ch\/wp-content\/uploads\/2025\/05\/pb.png?fit=1200%2C858&ssl=1&resize=350%2C200 1x, https:\/\/i0.wp.com\/www.opengis.ch\/wp-content\/uploads\/2025\/05\/pb.png?fit=1200%2C858&ssl=1&resize=525%2C300 1.5x, https:\/\/i0.wp.com\/www.opengis.ch\/wp-content\/uploads\/2025\/05\/pb.png?fit=1200%2C858&ssl=1&resize=700%2C400 2x, https:\/\/i0.wp.com\/www.opengis.ch\/wp-content\/uploads\/2025\/05\/pb.png?fit=1200%2C858&ssl=1&resize=1050%2C600 3x"},"classes":[]},{"id":15860,"url":"https:\/\/www.opengis.ch\/de\/2025\/07\/04\/qgis-and-postgis-expert\/","url_meta":{"origin":14556,"position":2},"title":"QGIS- &amp; PostGIS-Expert:in | 80\u2013100% (CH)","author":"Marco Bernasocchi","date":"4. Juli 2025","format":false,"excerpt":"Werde Teil unseres engagierten Teams bei OPENGIS.ch! Unterst\u00fctze Kunden bei QGIS- und PostGIS-Projekten, arbeite eigenverantwortlich und gestalte die Zukunft von Open-Source-Geodatenl\u00f6sungen aktiv mit. Wir bieten spannende Projekte, flexible Arbeitsbedingungen und ein starkes, kollaboratives Umfeld.","rel":"","context":"\u00c4hnlicher Beitrag","block_context":{"text":"\u00c4hnlicher Beitrag","link":""},"img":{"alt_text":"","src":"https:\/\/i0.wp.com\/www.opengis.ch\/wp-content\/uploads\/2025\/07\/ChatGPT-Image-Jul-4-2025-09_22_43-PM.jpg?fit=1024%2C1024&ssl=1&resize=350%2C200","width":350,"height":200,"srcset":"https:\/\/i0.wp.com\/www.opengis.ch\/wp-content\/uploads\/2025\/07\/ChatGPT-Image-Jul-4-2025-09_22_43-PM.jpg?fit=1024%2C1024&ssl=1&resize=350%2C200 1x, https:\/\/i0.wp.com\/www.opengis.ch\/wp-content\/uploads\/2025\/07\/ChatGPT-Image-Jul-4-2025-09_22_43-PM.jpg?fit=1024%2C1024&ssl=1&resize=525%2C300 1.5x, https:\/\/i0.wp.com\/www.opengis.ch\/wp-content\/uploads\/2025\/07\/ChatGPT-Image-Jul-4-2025-09_22_43-PM.jpg?fit=1024%2C1024&ssl=1&resize=700%2C400 2x"},"classes":[]},{"id":15863,"url":"https:\/\/www.opengis.ch\/2025\/07\/04\/qgis-and-postgis-expert\/","url_meta":{"origin":14556,"position":3},"title":"QGIS- &amp; PostGIS-Expert:in | 80\u2013100% (CH)","author":"Marco Bernasocchi","date":"4. Juli 2025","format":false,"excerpt":"Werde Teil unseres engagierten Teams bei OPENGIS.ch! Unterst\u00fctze Kunden bei QGIS- und PostGIS-Projekten, arbeite eigenverantwortlich und gestalte die Zukunft von Open-Source-Geodatenl\u00f6sungen aktiv mit. Wir bieten spannende Projekte, flexible Arbeitsbedingungen und ein starkes, kollaboratives Umfeld.","rel":"","context":"\u00c4hnlicher Beitrag","block_context":{"text":"\u00c4hnlicher Beitrag","link":""},"img":{"alt_text":"","src":"https:\/\/i0.wp.com\/www.opengis.ch\/wp-content\/uploads\/2025\/07\/ChatGPT-Image-Jul-4-2025-09_22_43-PM.jpg?fit=1024%2C1024&ssl=1&resize=350%2C200","width":350,"height":200,"srcset":"https:\/\/i0.wp.com\/www.opengis.ch\/wp-content\/uploads\/2025\/07\/ChatGPT-Image-Jul-4-2025-09_22_43-PM.jpg?fit=1024%2C1024&ssl=1&resize=350%2C200 1x, https:\/\/i0.wp.com\/www.opengis.ch\/wp-content\/uploads\/2025\/07\/ChatGPT-Image-Jul-4-2025-09_22_43-PM.jpg?fit=1024%2C1024&ssl=1&resize=525%2C300 1.5x, https:\/\/i0.wp.com\/www.opengis.ch\/wp-content\/uploads\/2025\/07\/ChatGPT-Image-Jul-4-2025-09_22_43-PM.jpg?fit=1024%2C1024&ssl=1&resize=700%2C400 2x"},"classes":[]},{"id":17765,"url":"https:\/\/www.opengis.ch\/de\/2023\/03\/06\/qfield-jump-start\/","url_meta":{"origin":14556,"position":4},"title":"QField Starthilfepakete","author":"Marco Bernasocchi","date":"6. M\u00e4rz 2023","format":false,"excerpt":"Ob Sie gerade erst mit mobiler Datenerfassung beginnen und noch nie mit GIS gearbeitet haben, bereits begeisterter QGIS-Anwender sind und Ihre Feldarbeit aufs n\u00e4chste Level bringen m\u00f6chten oder als GIS-Manager die Effizienz der Datenerfassung Ihres Teams steigern wollen \u2013 wir haben die passende L\u00f6sung f\u00fcr Sie.","rel":"","context":"In &quot;GIS&quot;","block_context":{"text":"GIS","link":"https:\/\/www.opengis.ch\/de\/category\/gis-de\/"},"img":{"alt_text":"","src":"https:\/\/i0.wp.com\/www.opengis.ch\/wp-content\/uploads\/2019\/04\/tim-gouw-73926-unsplash.jpg?fit=1200%2C802&ssl=1&resize=350%2C200","width":350,"height":200,"srcset":"https:\/\/i0.wp.com\/www.opengis.ch\/wp-content\/uploads\/2019\/04\/tim-gouw-73926-unsplash.jpg?fit=1200%2C802&ssl=1&resize=350%2C200 1x, https:\/\/i0.wp.com\/www.opengis.ch\/wp-content\/uploads\/2019\/04\/tim-gouw-73926-unsplash.jpg?fit=1200%2C802&ssl=1&resize=525%2C300 1.5x, https:\/\/i0.wp.com\/www.opengis.ch\/wp-content\/uploads\/2019\/04\/tim-gouw-73926-unsplash.jpg?fit=1200%2C802&ssl=1&resize=700%2C400 2x, https:\/\/i0.wp.com\/www.opengis.ch\/wp-content\/uploads\/2019\/04\/tim-gouw-73926-unsplash.jpg?fit=1200%2C802&ssl=1&resize=1050%2C600 3x"},"classes":[]},{"id":15076,"url":"https:\/\/www.opengis.ch\/de\/2024\/11\/12\/uebersetzungsmodelle-in-qgis-model-baker\/","url_meta":{"origin":14556,"position":5},"title":"\u00dcbersetzungsmodelle in QGIS Model Baker","author":"Dave Signer","date":"12. November 2024","format":false,"excerpt":"Letzte Woche konnten die Teilnehmer:innen des INTERLIS Tages in Yverdon-les-Bains die brandneue Experimental Version des QGIS Model Bakers mit der Version 7.10 testen. Und damit auch die Implementierung zur Handhabung von \u00dcbersetzungsmodellen. Eine Freude f\u00fcr alle Sprachregionen der Schweiz. Die Schweiz ist viersprachig und das ist wundersch\u00f6n. Wenn ich als\u2026","rel":"","context":"In &quot;Interlis&quot;","block_context":{"text":"Interlis","link":"https:\/\/www.opengis.ch\/de\/category\/interlis-de\/"},"img":{"alt_text":"","src":"https:\/\/i0.wp.com\/www.opengis.ch\/wp-content\/uploads\/2024\/11\/Screenshot-from-2024-11-12-12-16-41-1.jpg?fit=1200%2C778&ssl=1&resize=350%2C200","width":350,"height":200,"srcset":"https:\/\/i0.wp.com\/www.opengis.ch\/wp-content\/uploads\/2024\/11\/Screenshot-from-2024-11-12-12-16-41-1.jpg?fit=1200%2C778&ssl=1&resize=350%2C200 1x, https:\/\/i0.wp.com\/www.opengis.ch\/wp-content\/uploads\/2024\/11\/Screenshot-from-2024-11-12-12-16-41-1.jpg?fit=1200%2C778&ssl=1&resize=525%2C300 1.5x, https:\/\/i0.wp.com\/www.opengis.ch\/wp-content\/uploads\/2024\/11\/Screenshot-from-2024-11-12-12-16-41-1.jpg?fit=1200%2C778&ssl=1&resize=700%2C400 2x, https:\/\/i0.wp.com\/www.opengis.ch\/wp-content\/uploads\/2024\/11\/Screenshot-from-2024-11-12-12-16-41-1.jpg?fit=1200%2C778&ssl=1&resize=1050%2C600 3x"},"classes":[]}],"jetpack_shortlink":"https:\/\/wp.me\/pbdBtI-3MM","jetpack_sharing_enabled":true,"_links":{"self":[{"href":"https:\/\/www.opengis.ch\/de\/wp-json\/wp\/v2\/posts\/14556","targetHints":{"allow":["GET"]}}],"collection":[{"href":"https:\/\/www.opengis.ch\/de\/wp-json\/wp\/v2\/posts"}],"about":[{"href":"https:\/\/www.opengis.ch\/de\/wp-json\/wp\/v2\/types\/post"}],"author":[{"embeddable":true,"href":"https:\/\/www.opengis.ch\/de\/wp-json\/wp\/v2\/users\/2"}],"replies":[{"embeddable":true,"href":"https:\/\/www.opengis.ch\/de\/wp-json\/wp\/v2\/comments?post=14556"}],"version-history":[{"count":10,"href":"https:\/\/www.opengis.ch\/de\/wp-json\/wp\/v2\/posts\/14556\/revisions"}],"predecessor-version":[{"id":14619,"href":"https:\/\/www.opengis.ch\/de\/wp-json\/wp\/v2\/posts\/14556\/revisions\/14619"}],"wp:featuredmedia":[{"embeddable":true,"href":"https:\/\/www.opengis.ch\/de\/wp-json\/wp\/v2\/media\/14559"}],"wp:attachment":[{"href":"https:\/\/www.opengis.ch\/de\/wp-json\/wp\/v2\/media?parent=14556"}],"wp:term":[{"taxonomy":"category","embeddable":true,"href":"https:\/\/www.opengis.ch\/de\/wp-json\/wp\/v2\/categories?post=14556"},{"taxonomy":"post_tag","embeddable":true,"href":"https:\/\/www.opengis.ch\/de\/wp-json\/wp\/v2\/tags?post=14556"}],"curies":[{"name":"wp","href":"https:\/\/api.w.org\/{rel}","templated":true}]}}