{"id":1147,"date":"2015-01-08T13:17:36","date_gmt":"2015-01-08T12:17:36","guid":{"rendered":"https:\/\/www.opengis.ch\/?p=1147"},"modified":"2020-04-29T16:05:41","modified_gmt":"2020-04-29T14:05:41","slug":"happy-new-year-to-the-power-of-two","status":"publish","type":"post","link":"https:\/\/www.opengis.ch\/de\/2015\/01\/08\/happy-new-year-to-the-power-of-two\/","title":{"rendered":"Happy new year to the power of two!"},"content":{"rendered":"<p>For the first time we at OPENGIS.ch can celebrate with 2 people, Marco Bernasocchi and Matthias Kuhn both experienced QGIS developers and holders of a Master degree in GIScience.<br \/>\nAfter having worked individually in the last years, we have realized that there is a huge potential for us to join our knowledge &#8211; because the whole is greater than the sum of its parts. This is why starting from January 1st, 2015 we are working together as OPENGIS.ch LLC.<br \/>\nMarco is the creator of QGIS for Android, has a strong background in python and web applications development and is core committer of the the award-winning InaSafe project.<br \/>\nMatthias is an active QGIS core committer with a long history in developing in a wide variety of programming languages and areas from embedded systems to server services.<br \/>\nWe both are strong believers in open source software and are convinced that developing in the public is a big win for everybody.<br \/>\nAmong other projects, we are currently working on QGIS Mobile. A touch optimized interface for field work, based on the QGIS libraries. Make sure you keep an eye on this project as it is in its infancy but growing very fast.<br \/>\nIf you have a use-case for it and would like to support its development don\u2019t hesitate contacting us. We will happily provide you with a preview version.<br \/>\n<iframe loading=\"lazy\" title=\"QGIS Mobile Preview\" src=\"https:\/\/player.vimeo.com\/video\/116231850?dnt=1&amp;app_id=122963\" width=\"750\" height=\"422\" frameborder=\"0\" allow=\"autoplay; fullscreen\" allowfullscreen><\/iframe><br \/>\nWe are are also available for helping you with any idea and project you might have and to give ad-hoc courses that cover topics related to (Q)GIS and programming.<\/p>\n<p class=\"wpview-selection-before\">All the best<\/p>\n<p>Marco and Matthias<\/p>\n","protected":false},"excerpt":{"rendered":"<p>For the first time we at OPENGIS.ch can celebrate with 2 people, Marco Bernasocchi and Matthias Kuhn both experienced QGIS developers and holders of a Master degree in GIScience.<br \/>\nAfter having worked individually in the last years, we have realized that there is a huge potential for us to join our knowledge &#8211; because the whole is greater than the sum of its parts. This is why starting from January 1st, 2015 we are working together as OPENGIS.ch LLC.<\/p>\n","protected":false},"author":3,"featured_media":0,"comment_status":"open","ping_status":"open","sticky":false,"template":"","format":"standard","meta":{"_themeisle_gutenberg_block_has_review":false,"jetpack_post_was_ever_published":false,"_jetpack_newsletter_access":"","_jetpack_dont_email_post_to_subs":false,"_jetpack_newsletter_tier_id":0,"_jetpack_memberships_contains_paywalled_content":false,"_jetpack_memberships_contains_paid_content":false,"footnotes":""},"categories":[30,5,38],"tags":[125],"class_list":["post-1147","post","type-post","status-publish","format-standard","hentry","category-android-qgis","category-featured","category-qfield","tag-qgis-org"],"jetpack_featured_media_url":"","jetpack-related-posts":[{"id":14553,"url":"https:\/\/www.opengis.ch\/2024\/06\/20\/qgis-ch-user-day-2024-a-biased-review-by-uber-happy-committers\/","url_meta":{"origin":1147,"position":0},"title":"QGIS.ch user-day 2024 &#8211; A biased review by uber-happy committers","author":"Marco Bernasocchi","date":"20. Juni 2024","format":false,"excerpt":"Thrilled to have shared our passion for #QGIS at the Swiss User Day! \ud83c\udf10 From presenting on DXF improvements to showcasing projects like @foenCH SAM & #Kablo, we're proud to be the main innovation driver in the Swiss QGIS community. Big thanks to all who joined & contributed! \ud83d\ude80\ud83d\uddfa\ufe0f","rel":"","context":"In &quot;Events&quot;","block_context":{"text":"Events","link":"https:\/\/www.opengis.ch\/de\/category\/events\/"},"img":{"alt_text":"","src":"https:\/\/i0.wp.com\/www.opengis.ch\/wp-content\/uploads\/2024\/06\/1000050805.jpg?fit=1200%2C900&ssl=1&resize=350%2C200","width":350,"height":200,"srcset":"https:\/\/i0.wp.com\/www.opengis.ch\/wp-content\/uploads\/2024\/06\/1000050805.jpg?fit=1200%2C900&ssl=1&resize=350%2C200 1x, https:\/\/i0.wp.com\/www.opengis.ch\/wp-content\/uploads\/2024\/06\/1000050805.jpg?fit=1200%2C900&ssl=1&resize=525%2C300 1.5x, https:\/\/i0.wp.com\/www.opengis.ch\/wp-content\/uploads\/2024\/06\/1000050805.jpg?fit=1200%2C900&ssl=1&resize=700%2C400 2x, https:\/\/i0.wp.com\/www.opengis.ch\/wp-content\/uploads\/2024\/06\/1000050805.jpg?fit=1200%2C900&ssl=1&resize=1050%2C600 3x"},"classes":[]},{"id":14556,"url":"https:\/\/www.opengis.ch\/de\/2024\/06\/20\/qgis-anwendertag-schweiz-2024-ein-bericht-aus-sicht-opengis-ch\/","url_meta":{"origin":1147,"position":1},"title":"QGIS Anwendertreffen Schweiz 2024 &#8211; ein Bericht aus Sicht OPENGIS.ch","author":"Marco Bernasocchi","date":"20. Juni 2024","format":false,"excerpt":"Wir freuen uns, unsere Leidenschaft f\u00fcr #QGIS am Schweizer Anwendertreffen zu teilen! Mit der Pr\u00e4sentation von #DXF-Verbesserungen, dem SwissLocator 3.0 mit swissalti3d und Vector-Tiles-Integration, \u00fcber Fortschritten bei der Handhabung von Kreisb\u00f6gen und Next Generation Fachschalen bis zu Projekten wie Federal Office for the Environment FOEN SAM und #Kablo sind wir\u2026","rel":"","context":"In &quot;Events&quot;","block_context":{"text":"Events","link":"https:\/\/www.opengis.ch\/de\/category\/events-de\/"},"img":{"alt_text":"","src":"https:\/\/i0.wp.com\/www.opengis.ch\/wp-content\/uploads\/2024\/06\/1000050805.jpg?fit=1200%2C900&ssl=1&resize=350%2C200","width":350,"height":200,"srcset":"https:\/\/i0.wp.com\/www.opengis.ch\/wp-content\/uploads\/2024\/06\/1000050805.jpg?fit=1200%2C900&ssl=1&resize=350%2C200 1x, https:\/\/i0.wp.com\/www.opengis.ch\/wp-content\/uploads\/2024\/06\/1000050805.jpg?fit=1200%2C900&ssl=1&resize=525%2C300 1.5x, https:\/\/i0.wp.com\/www.opengis.ch\/wp-content\/uploads\/2024\/06\/1000050805.jpg?fit=1200%2C900&ssl=1&resize=700%2C400 2x, https:\/\/i0.wp.com\/www.opengis.ch\/wp-content\/uploads\/2024\/06\/1000050805.jpg?fit=1200%2C900&ssl=1&resize=1050%2C600 3x"},"classes":[]},{"id":3747,"url":"https:\/\/www.opengis.ch\/de\/2018\/04\/16\/marco-becomes-qgis-org-co-chair\/","url_meta":{"origin":1147,"position":2},"title":"Marco becomes QGIS.org Co-chair","author":"Matthias Kuhn","date":"16. April 2018","format":false,"excerpt":"We are very proud to announce that one of our founders and directors Marco Bernasocchi was elected as QGIS.org project steering committee (PSC) co-chair. With over 10 years of involvement with QGIS (he started working with QGIS 0.6) Marco will serve for the next two years as one of the\u2026","rel":"","context":"In &quot;Featured&quot;","block_context":{"text":"Featured","link":"https:\/\/www.opengis.ch\/de\/category\/featured\/"},"img":{"alt_text":"","src":"","width":0,"height":0},"classes":[]},{"id":1149,"url":"https:\/\/www.opengis.ch\/de\/2015\/01\/11\/qgis-mobile-0-2-demo\/","url_meta":{"origin":1147,"position":3},"title":"QGIS Mobile 0.2 Demo","author":"Marco Bernasocchi","date":"11. Januar 2015","format":false,"excerpt":"It is with great pleasure the we want to share with you the demo video of version 0.2. of QGIS Mobile (temporary name) is a touch optimized interface for field work developed by OPENGIS.ch. The QGIS mobile 0.2 video demonstrates some basic functionality like navigation, feature identification and attribute editing.\u2026","rel":"","context":"In &quot;Android QGIS&quot;","block_context":{"text":"Android QGIS","link":"https:\/\/www.opengis.ch\/de\/category\/gis\/qfield\/android-qgis\/"},"img":{"alt_text":"","src":"","width":0,"height":0},"classes":[]},{"id":11414,"url":"https:\/\/www.opengis.ch\/de\/2020\/05\/07\/marco-becomes-qgis-org-chair\/","url_meta":{"origin":1147,"position":4},"title":"Marco becomes QGIS.org Chair","author":"Matthias Kuhn","date":"7. Mai 2020","format":false,"excerpt":"We've always been dedicated to QGIS\u2019 well-being, supporting it with countless hours of work. Today we are very proud to announce that our Commitment has grown even more as our CEO @mbernasocchi was elected Chair of the QGIS.org association.","rel":"","context":"In &quot;QGIS&quot;","block_context":{"text":"QGIS","link":"https:\/\/www.opengis.ch\/de\/category\/gis\/qgis\/"},"img":{"alt_text":"","src":"https:\/\/i0.wp.com\/www.opengis.ch\/wp-content\/uploads\/2019\/10\/casual_marco_500px.jpg?fit=500%2C500&ssl=1&resize=350%2C200","width":350,"height":200},"classes":[]},{"id":12165,"url":"https:\/\/www.opengis.ch\/de\/2021\/06\/08\/qfieldcloud-now-opensource-happy-10-years-of-field-mapping-with-qgis\/","url_meta":{"origin":1147,"position":5},"title":"QFieldCloud now opensource &#8211; Happy 10 Years of field mapping with QGIS","author":"Marco Bernasocchi","date":"8. Juni 2021","format":false,"excerpt":"Today, on QField's 10th anniversary, we're extremely proud to publish the results of over 18 months of development and give you the source code of QFieldCloud to go and make your awesome adaptations, solutions, and hopefully contributions :) If you want to quickly try it out, head to\u00a0https:\/\/qfield.cloud where our\u2026","rel":"","context":"In &quot;QField&quot;","block_context":{"text":"QField","link":"https:\/\/www.opengis.ch\/de\/category\/gis\/qfield\/"},"img":{"alt_text":"QField git history","src":"https:\/\/i0.wp.com\/www.opengis.ch\/wp-content\/uploads\/2021\/06\/qfield-git-history.png?fit=660%2C280&ssl=1&resize=350%2C200","width":350,"height":200,"srcset":"https:\/\/i0.wp.com\/www.opengis.ch\/wp-content\/uploads\/2021\/06\/qfield-git-history.png?fit=660%2C280&ssl=1&resize=350%2C200 1x, https:\/\/i0.wp.com\/www.opengis.ch\/wp-content\/uploads\/2021\/06\/qfield-git-history.png?fit=660%2C280&ssl=1&resize=525%2C300 1.5x"},"classes":[]}],"jetpack_shortlink":"https:\/\/wp.me\/pbdBtI-iv","jetpack_sharing_enabled":true,"_links":{"self":[{"href":"https:\/\/www.opengis.ch\/de\/wp-json\/wp\/v2\/posts\/1147","targetHints":{"allow":["GET"]}}],"collection":[{"href":"https:\/\/www.opengis.ch\/de\/wp-json\/wp\/v2\/posts"}],"about":[{"href":"https:\/\/www.opengis.ch\/de\/wp-json\/wp\/v2\/types\/post"}],"author":[{"embeddable":true,"href":"https:\/\/www.opengis.ch\/de\/wp-json\/wp\/v2\/users\/3"}],"replies":[{"embeddable":true,"href":"https:\/\/www.opengis.ch\/de\/wp-json\/wp\/v2\/comments?post=1147"}],"version-history":[{"count":1,"href":"https:\/\/www.opengis.ch\/de\/wp-json\/wp\/v2\/posts\/1147\/revisions"}],"predecessor-version":[{"id":11161,"href":"https:\/\/www.opengis.ch\/de\/wp-json\/wp\/v2\/posts\/1147\/revisions\/11161"}],"wp:attachment":[{"href":"https:\/\/www.opengis.ch\/de\/wp-json\/wp\/v2\/media?parent=1147"}],"wp:term":[{"taxonomy":"category","embeddable":true,"href":"https:\/\/www.opengis.ch\/de\/wp-json\/wp\/v2\/categories?post=1147"},{"taxonomy":"post_tag","embeddable":true,"href":"https:\/\/www.opengis.ch\/de\/wp-json\/wp\/v2\/tags?post=1147"}],"curies":[{"name":"wp","href":"https:\/\/api.w.org\/{rel}","templated":true}]}}